{"id":19683,"date":"2020-04-27T10:24:25","date_gmt":"2020-04-27T08:24:25","guid":{"rendered":"https:\/\/www.generationsanstabac.org\/actualites\/en-afrique-du-sud-les-cigarettiers-sopposent-aux-mesures-du-covid-19\/"},"modified":"2020-04-27T10:24:25","modified_gmt":"2020-04-27T08:24:25","slug":"en-afrique-du-sud-les-cigarettiers-sopposent-aux-mesures-du-covid-19","status":"publish","type":"actualites","link":"https:\/\/www.generationsanstabac.org\/fr\/actualites\/en-afrique-du-sud-les-cigarettiers-sopposent-aux-mesures-du-covid-19\/","title":{"rendered":"En Afrique du Sud, les cigarettiers s\u2019opposent aux mesures du COVID-19"},"content":{"rendered":"<p>En Afrique du Sud, <em>la Fair Trade Independant Tobacco Association<\/em> (FITA) a indiqu\u00e9 avoir d\u00e9pos\u00e9 un recours en justice dans le but de lever l\u2019interdiction de vendre des cigarettes, disposition exceptionnellement en vigueur dans le pays dans un contexte de confinement<a href=\"#_ftn1\" name=\"_ftnref1\">[1]<\/a>.<\/p>\n<p>Depuis plusieurs jours, l\u2019industrie du tabac s\u2019est associ\u00e9e \u00e0 d\u2019autres secteurs, comme les alcooliers, afin de plaider aupr\u00e8s de la pr\u00e9sidence pour un assouplissement des r\u00e8gles, jug\u00e9es inopportunes et irrationnelles par les int\u00e9ress\u00e9s<a href=\"#_ftn2\" name=\"_ftnref2\">[2]<\/a>.<\/p>\n<p>Dans son argumentaire, la FITA va jusqu\u2019\u00e0 avancer que \u00ab <em>la situation actuelle ne peut \u00eatre endur\u00e9e plus longtemps par les diff\u00e9rents acteurs de la fili\u00e8re tabac, sans aboutir \u00e0 de graves cons\u00e9quences pour ces derniers \u00bb, comme les ouvriers agricoles, les ouvriers d\u2019usine, les commer\u00e7ants, ainsi que les nombreux Sud-Africains ordinaires [\u2026] dont les moyens de subsistance sont actuellement en jeu <\/em>\u00bb.<\/p>\n<p>La compagnie demande ainsi le retrait pur et simple de la mesure, permettant dans le m\u00eame temps, selon elle, de donner un coup de pouce \u00ab <em>bien n\u00e9cessaire <\/em>\u00bb \u00e0 l\u2019\u00e9conomie en Afrique du SUd, d\u2019autant que l\u2019interdiction en vigueur alimenterait les r\u00e9seaux ill\u00e9gaux de contrebande, provoquant un manque \u00e0 gagner fiscal pour les caisses de l\u2019Etat.<\/p>\n<p>Cet \u00e9v\u00e9nement est en somme un concentr\u00e9 des pratiques de l\u2019industrie du tabac, d\u00e9crites par Anna Gilmore, visant \u00e0 s\u2019ing\u00e9rer et influencer la prise de d\u00e9cision politique<a href=\"#_ftn3\" name=\"_ftnref3\">[3]<\/a>. Ici, la compagnie FITA use de tous les moyens pour revenir sur une d\u00e9cision politique prise par une instance l\u00e9gitime. Anna Gilmore montre \u00e0 ce titre que l\u2019industrie du tabac n\u2019h\u00e9site pas \u00e0 multiplier les litiges contre les pouvoirs publics, m\u00eame lorsque ceux-ci sont perdus d\u2019avance, afin de provoquer un \u00ab <em>refroidissement r\u00e9glementaire<\/em> \u00bb aupr\u00e8s des d\u00e9cideurs publics.<\/p>\n<p>Les cigarettiers mobilisent \u00e9galement un argumentaire rigoureusement faux pour appuyer leurs positions, affirmant par exemple que l\u2019industrie du tabac repr\u00e9sente une manne financi\u00e8re pour les pouvoirs publics.<\/p>\n<p>Enfin, l\u2019industrie du tabac cherche \u00e0 d\u00e9cr\u00e9dibiliser le bien-fond\u00e9 des politiques publiques qui s\u2019opposent \u00e0 leurs int\u00e9r\u00eats : r\u00e9glementer l\u2019activit\u00e9 des cigarettiers entra\u00eenerait des pertes \u00e9conomiques colossales, support\u00e9es par des acteurs \u00ab m\u00e9ritants \u00bb (ouvriers agricoles, petits commer\u00e7ants, etc.), tandis que les b\u00e9n\u00e9fices seraient in\u00e9vitablement absorb\u00e9s par des groupes \u00ab non-m\u00e9ritants \u00bb, ici les trafiquants de tabac. Or les \u00e9tudes r\u00e9alis\u00e9es dans le prolongement de ces affirmations constantes n\u2019ont jamais confirm\u00e9 ces all\u00e9gations.<\/p>\n<p><span style=\"color: #666699;\"><a style=\"color: #666699;\" href=\"https:\/\/www.generationsanstabac.org\/\">\u00a9G\u00e9n\u00e9ration Sans Tabac<\/a><\/span><\/p>\n<hr \/>\n<p><em><a href=\"#_ftnref1\" name=\"_ftn1\">[1]<\/a> All Africa, \u00ab South Africa: Lockdown &#8211; Tobacco Association to Challenge Cigarette Ban in Court \u00bb, 18 avril 2020<\/em><\/p>\n<p><em><a href=\"https:\/\/allafrica.com\/stories\/202004190019.html\">https:\/\/allafrica.com\/stories\/202004190019.html<\/a><\/em><\/p>\n<p><em><a href=\"#_ftnref2\" name=\"_ftn2\">[2]<\/a> Times, \u00ab Tobacco and alcohol associations demand answers over lockdown bans \u00bb, 20 avril 2020<\/em><\/p>\n<p><em><a href=\"https:\/\/www.timeslive.co.za\/news\/south-africa\/2020-04-20-tobacco-and-alcohol-associations-demand-answers-over-lockdown-bans\/\">https:\/\/www.timeslive.co.za\/news\/south-africa\/2020-04-20-tobacco-and-alcohol-associations-demand-answers-over-lockdown-bans\/<\/a><\/em><\/p>\n<p><em><a href=\"#_ftnref3\" name=\"_ftn3\">[3]<\/a> Anna B. Gilmore, \u00ab The Policy Dystopia Model: An Interpretive Analysis of Tobacco Industry Political Activity \u00bb, 20 septembre 2016<\/em><\/p>\n<p><em><a href=\"https:\/\/journals.plos.org\/plosmedicine\/article?id=10.1371\/journal.pmed.1002125\">https:\/\/journals.plos.org\/plosmedicine\/article?id=10.1371\/journal.pmed.1002125<\/a><\/em><\/p>\n<p><span style=\"color: #e8e8e8;\"><strong><a style=\"color: #e8e8e8;\" href=\"http:\/\/www.cnct.fr\/\" target=\"_blank\" rel=\"noopener noreferrer\">\u00a9Comit\u00e9 National Contre le Tabagisme |<\/a><\/strong><\/span><\/p>\n","protected":false},"excerpt":{"rendered":"<p>En Afrique du Sud, la FITA a indiqu\u00e9 avoir d\u00e9pos\u00e9 un recours en justice dans le but de lever l\u2019interdiction de vendre des cigarettes<\/p>\n","protected":false},"featured_media":18678,"template":"","tags":[],"thematique":[502,474],"class_list":["post-19683","actualites","type-actualites","status-publish","has-post-thumbnail","hentry","thematique-justice","thematique-sante"],"acf":[],"_links":{"self":[{"href":"https:\/\/www.generationsanstabac.org\/fr\/wp-json\/wp\/v2\/actualites\/19683","targetHints":{"allow":["GET"]}}],"collection":[{"href":"https:\/\/www.generationsanstabac.org\/fr\/wp-json\/wp\/v2\/actualites"}],"about":[{"href":"https:\/\/www.generationsanstabac.org\/fr\/wp-json\/wp\/v2\/types\/actualites"}],"version-history":[{"count":0,"href":"https:\/\/www.generationsanstabac.org\/fr\/wp-json\/wp\/v2\/actualites\/19683\/revisions"}],"wp:featuredmedia":[{"embeddable":true,"href":"https:\/\/www.generationsanstabac.org\/fr\/wp-json\/wp\/v2\/media\/18678"}],"wp:attachment":[{"href":"https:\/\/www.generationsanstabac.org\/fr\/wp-json\/wp\/v2\/media?parent=19683"}],"wp:term":[{"taxonomy":"post_tag","embeddable":true,"href":"https:\/\/www.generationsanstabac.org\/fr\/wp-json\/wp\/v2\/tags?post=19683"},{"taxonomy":"thematique","embeddable":true,"href":"https:\/\/www.generationsanstabac.org\/fr\/wp-json\/wp\/v2\/thematique?post=19683"}],"curies":[{"name":"wp","href":"https:\/\/api.w.org\/{rel}","templated":true}]}}