{"id":19672,"date":"2020-04-21T16:12:45","date_gmt":"2020-04-21T14:12:45","guid":{"rendered":"https:\/\/www.generationsanstabac.org\/actualites\/la-culture-du-tabac-bafoue-les-droits-des-enfants\/"},"modified":"2020-04-21T16:12:45","modified_gmt":"2020-04-21T14:12:45","slug":"la-culture-du-tabac-bafoue-les-droits-des-enfants","status":"publish","type":"actualites","link":"https:\/\/www.generationsanstabac.org\/fr\/actualites\/la-culture-du-tabac-bafoue-les-droits-des-enfants\/","title":{"rendered":"La culture du tabac bafoue les droits des enfants"},"content":{"rendered":"<p style=\"text-align: justify;\">Le 20 novembre 1989, la Convention internationale des droits de l\u2019enfant (CIDE) posait les principes fondamentaux de protection des mineurs. Il n\u2019en r\u00e9sulte pas moins que plus de 30 ans apr\u00e8s, les industriels du tabac privent encore certains enfants de leurs droits fondamentaux les plus essentiels.<br \/>\nRappelons que 90% de la culture de tabac est concentr\u00e9e dans les pays en voie de d\u00e9veloppement o\u00f9 les producteurs de tabac sont fr\u00e9quemment enferm\u00e9s dans le cercle vicieux de l\u2019endettement. La r\u00e9mun\u00e9ration ne suffisant bien souvent pas \u00e0 subvenir aux besoins d\u2019une famille, les enfants travaillent aux c\u00f4t\u00e9s de leur parents, dans les plantations de tabac. Au Malawi, exportateur majeur de tabac, 80 000 enfants travailleraient dans les plantations<a href=\"http:\/\/1https:\/\/www.who.int\/tobacco\/communications\/events\/wntd\/2004\/tobaccofacts_families\/fr\/\">[1]<\/a>.<\/p>\n<p style=\"text-align: justify;\">Or, le travail dans les plantations de tabac n\u2019est pas sans risque pour ces enfants alors expos\u00e9s \u00e0 la nocivit\u00e9 des pesticides utilis\u00e9s, \u00e0 l\u2019instar du DDT* interdit dans la plupart des pays d\u00e9velopp\u00e9s \u00e0 cause de sa dangerosit\u00e9 pour la sant\u00e9 et l\u2019environnement, ainsi qu\u2019\u00e0 la nicotine. Pour les enfants contractant la maladie du tabac vert par voie cutan\u00e9e \u2013 l\u2019empoissonnement \u00e0 la nicotine pr\u00e9sente naturellement dans les feuilles de tabac<a href=\"https:\/\/www.laliberte.ch\/news-agence\/detail\/le-travail-des-enfants-est-frequent-dans-le-secteur-du-tabac-au-zimbabwe\/434675\">[2]<\/a>, le travail et le gain financier associ\u00e9 sont interrompus par les vomissements, les c\u00e9phal\u00e9es et vertiges, mais aussi les crampes abdominales et les difficult\u00e9s respiratoires, voire l\u2019arythmie cardiaque.<\/p>\n<p style=\"text-align: justify;\">Il va de soi que les enfants qui travaillent ne suivent pas une scolarit\u00e9 optimale et finissent souvent par arr\u00eater l\u2019\u00e9cole. L\u2019endettement autour des plantations de tabac dans les pays en voie de d\u00e9veloppement prive ainsi les enfants travailleurs de leur droit fondamental \u00e0 l\u2019\u00e9ducation et, par extension, limite drastiquement leurs choix pour un avenir meilleur. Derri\u00e8re la probl\u00e9matique du travail des enfants dans les plantations de tabac, c\u2019est le d\u00e9veloppement \u00e9conomique et social de leurs communaut\u00e9s et de leurs pays qui est en jeu.<br \/>\nLa cigarette n\u2019est pas seulement n\u00e9faste pour la sant\u00e9 des consommateurs, elle exploite et empoisonne les enfants les plus vuln\u00e9rables \u00e0 travers le monde.<\/p>\n<p><span style=\"color: #666699;\"><a style=\"color: #666699;\" href=\"https:\/\/www.generationsanstabac.org\/\">\u00a9G\u00e9n\u00e9ration Sans Tabac<\/a><\/span><\/p>\n<hr \/>\n<p>[1] <a href=\"https:\/\/www.who.int\/tobacco\/communications\/events\/wntd\/2004\/tobaccofacts_families\/fr\/1\">https:\/\/www.who.int\/tobacco\/communications\/events\/wntd\/2004\/tobaccofacts_families\/fr\/1<\/a><br \/>\n<a href=\"https:\/\/www.brut.media\/fr\/international\/l-impact-de-la-cigarette-sur-l-environnement-7989a584-ceb8-460d-9a04-d2e1850ec46e\">https:\/\/www.brut.media\/fr\/international\/l-impact-de-la-cigarette-sur-l-environnement-7989a584-ceb8-460d-9a04-d2e1850ec46e<\/a><br \/>\n<a href=\"https:\/\/www.francetvinfo.fr\/sante\/maladie\/malawi-quand-la-maladie-du-tabac-vert-consume-les-enfants_2951013.html\">https:\/\/www.francetvinfo.fr\/sante\/maladie\/malawi-quand-la-maladie-du-tabac-vert-consume-les-enfants_2951013.html<\/a><\/p>\n<p>[2] Arcury T.A. et al. High levels of transdermal nicotine exposure produce green tobacco sickness in Latino farm workers. Nicotine &amp; Tobacco Research, 2003, 5:315-321 and Ballard T et al. Green tobacco sickness: occupational nicotine poisoning in tobacco workers. Archives of Environmental Health, 1995, 50:384-389.<br \/>\n<a href=\"https:\/\/www.laliberte.ch\/news-agence\/detail\/le-travail-des-enfants-est-frequent-dans-le-secteur-du-tabac-au-zimbabwe\/434675\">https:\/\/www.laliberte.ch\/news-agence\/detail\/le-travail-des-enfants-est-frequent-dans-le-secteur-du-tabac-au-zimbabwe\/434675<\/a><\/p>\n<p>[i]  <a href=\"https:\/\/www.unicef.fr\/article\/l-education-la-meilleure-arme-contre-le-travail-des-enfants\">https:\/\/www.unicef.fr\/article\/l-education-la-meilleure-arme-contre-le-travail-des-enfants<\/a><\/p>\n<p><span style=\"color: #e8e8e8;\"><strong><a style=\"color: #e8e8e8;\" href=\"http:\/\/dnf.asso.fr\/\/\" target=\"_blank\" rel=\"noopener noreferrer\"> \u00a9DNF &#8211; Pour un Monde ZeroTabac |<\/a><\/strong><\/span><\/p>\n","protected":false},"excerpt":{"rendered":"<p>Le 20 novembre 1989, la Convention internationale des droits de l\u2019enfant (CIDE) posait les principes fondamentaux de protection des mineurs.<\/p>\n","protected":false},"featured_media":9814,"template":"","tags":[],"thematique":[480],"class_list":["post-19672","actualites","type-actualites","status-publish","has-post-thumbnail","hentry","thematique-environnement"],"acf":[],"_links":{"self":[{"href":"https:\/\/www.generationsanstabac.org\/fr\/wp-json\/wp\/v2\/actualites\/19672","targetHints":{"allow":["GET"]}}],"collection":[{"href":"https:\/\/www.generationsanstabac.org\/fr\/wp-json\/wp\/v2\/actualites"}],"about":[{"href":"https:\/\/www.generationsanstabac.org\/fr\/wp-json\/wp\/v2\/types\/actualites"}],"version-history":[{"count":0,"href":"https:\/\/www.generationsanstabac.org\/fr\/wp-json\/wp\/v2\/actualites\/19672\/revisions"}],"wp:featuredmedia":[{"embeddable":true,"href":"https:\/\/www.generationsanstabac.org\/fr\/wp-json\/wp\/v2\/media\/9814"}],"wp:attachment":[{"href":"https:\/\/www.generationsanstabac.org\/fr\/wp-json\/wp\/v2\/media?parent=19672"}],"wp:term":[{"taxonomy":"post_tag","embeddable":true,"href":"https:\/\/www.generationsanstabac.org\/fr\/wp-json\/wp\/v2\/tags?post=19672"},{"taxonomy":"thematique","embeddable":true,"href":"https:\/\/www.generationsanstabac.org\/fr\/wp-json\/wp\/v2\/thematique?post=19672"}],"curies":[{"name":"wp","href":"https:\/\/api.w.org\/{rel}","templated":true}]}}