{"id":19671,"date":"2020-04-21T10:28:36","date_gmt":"2020-04-21T08:28:36","guid":{"rendered":"https:\/\/www.generationsanstabac.org\/actualites\/acta-exhorte-les-pays-africains-resister-aux-pressions-de-lindustrie-du-tabac-avec-la-crise-du-covid-19\/"},"modified":"2020-04-21T10:28:36","modified_gmt":"2020-04-21T08:28:36","slug":"acta-exhorte-les-pays-africains-resister-aux-pressions-de-lindustrie-du-tabac-avec-la-crise-du-covid-19","status":"publish","type":"actualites","link":"https:\/\/www.generationsanstabac.org\/fr\/actualites\/acta-exhorte-les-pays-africains-resister-aux-pressions-de-lindustrie-du-tabac-avec-la-crise-du-covid-19\/","title":{"rendered":"L\u2019ACTA exhorte les pays africains \u00e0 r\u00e9sister aux pressions de l\u2019industrie du tabac avec la crise du Covid 19"},"content":{"rendered":"<p>Alors que la pand\u00e9mie du COVID-19 mobilise l\u2019ensemble des pays dans le monde, la communaut\u00e9 africaine de lutte antitabac constate l\u2019utilisation de cette situation de crise par les multinationales du tabac. Tout comme dans d\u2019autres pays, de plus en plus de voix s\u2019\u00e9l\u00e8vent au sein des pays d\u2019Afrique pour alerter sur cette situation extr\u00eamement dangereuse. Les fabricants de tabac profitent en effet de la pand\u00e9mie actuelle pour s&rsquo;engager dans des actions visant \u00e0 am\u00e9liorer leur image ou pour contrer les gouvernements qui souhaitent restreindre ou interdire compl\u00e8tement la vente de produits du tabac en vue de r\u00e9duire les effets de la maladie.<\/p>\n<p>L&rsquo;Afrique du Sud par exemple est l&rsquo;un des pays \u00e0 avoir interdit les cigarettes dans le cadre de sa strat\u00e9gie de lutte contre le virus. Cependant, la branche sud-africaine de British American Tobacco a exhort\u00e9 le gouvernement \u00e0 reconsid\u00e9rer cette d\u00e9cision, tandis qu&rsquo;une association<a href=\"#_ftn1\" name=\"_ftnref1\">[1]<\/a> t\u00e9l\u00e9guid\u00e9e par l\u2019industrie du tabac a annonc\u00e9 qu&rsquo;elle allait poursuivre le gouvernement sud-africain pour avoir maintenu l&rsquo;interdiction. Au Kenya, suite aux pressions exerc\u00e9es par l\u2019industrie, les autorit\u00e9s ont inclus le tabac dans la liste de produits essentiels lors du confinement pour contenir le COVID-19.<\/p>\n<p>Les fabricants de tabac font \u00e9galement pression pour proposer des partenariats. Or  l&rsquo;industrie du tabac sape la cr\u00e9dibilit\u00e9 des gouvernements dans la protection de la sant\u00e9 de la population. Il existe en effet un conflit fondamental et inconciliable entre les int\u00e9r\u00eats de l&rsquo;industrie du tabac et l\u2019int\u00e9r\u00eat g\u00e9n\u00e9ral des politiques de sant\u00e9 publique<a href=\"#_ftn2\" name=\"_ftnref2\">[2]<\/a>. L&rsquo;industrie du tabac essaye de faire partie de la solution, en proposant un soutien et des dons aux pays. Elle communique ainsi en direction des m\u00e9dias, des d\u00e9cideurs pour am\u00e9liorer son image en visant \u00e0 appara\u00eetre comme un acteur responsable, engag\u00e9 socialement vis-\u00e0-vis de la population.<\/p>\n<p>L\u2019Alliance pour le Contr\u00f4le du Tabac en Afrique (ACTA) appelle la communaut\u00e9 africaine de lutte antitabac \u00e0 \u00eatre vigilante pendant cette p\u00e9riode et appelle \u00e9galement les autorit\u00e9s publiques \u00e0 se prot\u00e9ger de cette modalit\u00e9 d\u2019ing\u00e9rence de l\u2019industrie du tabac. L\u2019ACTA rappelle que la seule finalit\u00e9 poursuivie par les fabricants est de rendre leurs produits disponibles et attractifs afin d\u2019en d\u00e9velopper la consommation. Il est de la plus haute importance, selon l\u2019ACTA, que les pays africains r\u00e9pondent \u00e0 cet appel et ne laissent pas l&rsquo;industrie du tabac gagner en capacit\u00e9 d&rsquo;influencer les politiques antitabac \u00e0 l&rsquo;avenir, gr\u00e2ce \u00e0 l\u2019assistance propos\u00e9e aujourd\u2019hui pour faire face \u00e0 COVID-19.<\/p>\n<p>A cet \u00e9gard, le Tchad propose une approche beaucoup plus s\u00fbre susceptible d\u2019\u00eatre suivie par d\u2019autres pays. Le pays a mis en place un m\u00e9canisme de financement du syst\u00e8me de sant\u00e9 \u00e0 partir de la fiscalit\u00e9 des produits du tabac et a strictement refus\u00e9 toute d\u00e9marche plus ou moins promotionnelle \u00e9manant des fabricants \u00e0 propos de cette crise sanitaire.<\/p>\n<p><a href=\"https:\/\/www.generationsanstabac.org\/wp-content\/uploads\/2020\/04\/Communiqu\u00e9-de-presse-de-lATCA.pdf\">Communiqu\u00e9 de presse de l&rsquo;ACTA<\/a><\/p>\n<p><span style=\"color: #666699;\"><a style=\"color: #666699;\" href=\"https:\/\/www.generationsanstabac.org\/\">\u00a9G\u00e9n\u00e9ration Sans Tabac<\/a><\/span><\/p>\n<hr \/>\n<p><a href=\"#_ftnref1\" name=\"_ftn1\">[1]<\/a> <a href=\"https:\/\/citizen.co.za\/business\/business-news\/2271089\/tobacco-association-announces-it-will-launch-a-legal-challenge-of-cigarette-ban\/\">https:\/\/citizen.co.za\/business\/business-news\/2271089\/tobacco-association-announces-it-will-launch-a-legal-challenge-of-cigarette-ban\/<\/a><\/p>\n<p><a href=\"#_ftnref2\" name=\"_ftn2\">[2]<\/a> https:\/\/www.who.int\/fctc\/guidelines\/article_5_3_fr.pdf<\/p>\n<p><span style=\"color: #e8e8e8;\"><strong><a style=\"color: #e8e8e8;\" href=\"http:\/\/www.cnct.fr\/\" target=\"_blank\" rel=\"noopener noreferrer\">Comit\u00e9 National Contre le Tabagisme |<\/a><\/strong><\/span><\/p>\n","protected":false},"excerpt":{"rendered":"<p>L\u2019Alliance pour le Contr\u00f4le du Tabac en Afrique (ACTA) appelle la communaut\u00e9 africaine de lutte antitabac \u00e0 \u00eatre vigilante pendant cette p\u00e9riode<\/p>\n","protected":false},"featured_media":9812,"template":"","tags":[],"thematique":[499,474],"class_list":["post-19671","actualites","type-actualites","status-publish","has-post-thumbnail","hentry","thematique-lobby","thematique-sante"],"acf":[],"_links":{"self":[{"href":"https:\/\/www.generationsanstabac.org\/fr\/wp-json\/wp\/v2\/actualites\/19671","targetHints":{"allow":["GET"]}}],"collection":[{"href":"https:\/\/www.generationsanstabac.org\/fr\/wp-json\/wp\/v2\/actualites"}],"about":[{"href":"https:\/\/www.generationsanstabac.org\/fr\/wp-json\/wp\/v2\/types\/actualites"}],"version-history":[{"count":0,"href":"https:\/\/www.generationsanstabac.org\/fr\/wp-json\/wp\/v2\/actualites\/19671\/revisions"}],"wp:featuredmedia":[{"embeddable":true,"href":"https:\/\/www.generationsanstabac.org\/fr\/wp-json\/wp\/v2\/media\/9812"}],"wp:attachment":[{"href":"https:\/\/www.generationsanstabac.org\/fr\/wp-json\/wp\/v2\/media?parent=19671"}],"wp:term":[{"taxonomy":"post_tag","embeddable":true,"href":"https:\/\/www.generationsanstabac.org\/fr\/wp-json\/wp\/v2\/tags?post=19671"},{"taxonomy":"thematique","embeddable":true,"href":"https:\/\/www.generationsanstabac.org\/fr\/wp-json\/wp\/v2\/thematique?post=19671"}],"curies":[{"name":"wp","href":"https:\/\/api.w.org\/{rel}","templated":true}]}}