{"id":19667,"date":"2020-04-20T08:40:50","date_gmt":"2020-04-20T06:40:50","guid":{"rendered":"https:\/\/www.generationsanstabac.org\/actualites\/les-pays-bas-forces-par-lindustrie-de-reporter-lintroduction-du-paquet-neutre\/"},"modified":"2020-04-20T08:40:50","modified_gmt":"2020-04-20T06:40:50","slug":"les-pays-bas-forces-par-lindustrie-de-reporter-lintroduction-du-paquet-neutre","status":"publish","type":"actualites","link":"https:\/\/www.generationsanstabac.org\/fr\/actualites\/les-pays-bas-forces-par-lindustrie-de-reporter-lintroduction-du-paquet-neutre\/","title":{"rendered":"Les Pays-Bas forc\u00e9s par l\u2019industrie de reporter l&rsquo;introduction du paquet neutre"},"content":{"rendered":"<p>L&rsquo;introduction de paquets neutres pour les produits du tabac aux Pays-Bas, qui devait avoir lieu le 1er juillet 2020, a \u00e9t\u00e9 retard\u00e9e de plusieurs mois car l&rsquo;industrie du tabac tire les ficelles au sein de l&rsquo;Union Europ\u00e9enne.<\/p>\n<p>Publi\u00e9 \u00e0 la fin de 2018, <a href=\"https:\/\/www.rijksoverheid.nl\/onderwerpen\/gezondheid-en-preventie\/nationaal-preventieakkoord\">l&rsquo;Accord national de pr\u00e9vention aux Pays-Bas<\/a> stipule qu&rsquo;un conditionnement standard pour les produits du tabac doit \u00eatre introduit dans le pays en 2020. Toutes les cigarettes et le tabac \u00e0 rouler doivent \u00eatre dans un emballage neutre.<\/p>\n<p>Conform\u00e9ment au droit europ\u00e9en, l&rsquo;UE doit \u00eatre inform\u00e9e de toute mesure de ce type et les autres \u00c9tats membres ont le droit de formuler des observations. Si les \u00c9tats membres r\u00e9agissent \u00e0 cette notification pr\u00e9alable avec un \u00ab\u00a0avis d\u00e9taill\u00e9\u00a0\u00bb, ce d\u00e9lai est automatiquement prolong\u00e9 de trois mois. En cons\u00e9quence, toute la proc\u00e9dure l\u00e9gislative est retard\u00e9e.<\/p>\n<p>La notification de l&rsquo;amendement juridique avec lequel les Pays-Bas pr\u00e9voient d&rsquo;introduire un emballage neutre pour les produits du tabac a \u00e9t\u00e9 soumise \u00e0 la Commission europ\u00e9enne le 1er octobre 2019. Le 20 d\u00e9cembre 2019, la Slovaquie a r\u00e9pondu par un \u00ab avis d\u00e9taill\u00e9 \u00bb, prolongeant ainsi automatiquement la p\u00e9riode de statu quo du processus l\u00e9gislatif jusqu&rsquo;au 2 avril 2020. Plus tard, le 13 mars 2020, la R\u00e9publique tch\u00e8que a \u00e9galement soumis un \u00ab avis d\u00e9taill\u00e9 \u00bb. La Roumanie a quant \u00e0 elle soumis un certain nombre de questions qui n&rsquo;ont aucun effet sur la p\u00e9riode de statu quo.<\/p>\n<p>Ce retard a clairement \u00e9t\u00e9 orchestr\u00e9 par l&rsquo;industrie du tabac. Le site <a href=\"https:\/\/www.tabaknee.nl\/\">TabakNee<\/a>, qui surveille le lobby du tabac aux Pays-Bas, a eu recours, via les proc\u00e9dures europ\u00e9ennes d\u2019acc\u00e8s aux documents, \u00e0 ces  \u00ab avis d\u00e9taill\u00e9s \u00bb et aux questions soumises par les gouvernements slovaque, tch\u00e8que et roumain. Les arguments avanc\u00e9s sont, mot pour mot, les m\u00eames arguments avanc\u00e9s par l&rsquo;industrie du tabac, lesquels n\u2019ont jamais \u00e9t\u00e9 corrobor\u00e9s et av\u00e9r\u00e9s mais que les fabricants opposent syst\u00e9matiquement au sujet du paquet neutre :<\/p>\n<ul>\n<li>\u00ab Le paquet neutre ne se serait r\u00e9v\u00e9l\u00e9 \u00eatre un outil efficace pour limiter le tabagisme \u00bb, selon le gouvernement slovaque.<\/li>\n<li>L\u2019introduction d&#8217;emballages standard en Australie, en France et au Royaume-Uni serait rest\u00e9e sans effet.<\/li>\n<li>Le paquet neutre va entrainer une augmentation des cigarettes de contrefa\u00e7on, \u00ab car les paquets neutres sont plus faciles \u00e0 falsifier \u00bb.<\/li>\n<li>L&#8217;emballage neutre est contraire \u00e0 la r\u00e9glementation europ\u00e9enne sur le principe de proportionnalit\u00e9 et la libre circulation des marchandises.<\/li>\n<\/ul>\n<p>Ces arguments ont \u00e9t\u00e9 largement r\u00e9fut\u00e9s depuis l\u2019introduction des emballages neutres dans de nombreux pays en Europe et dans le monde. De nombreuses \u00e9tudes ont prouv\u00e9 son efficacit\u00e9<a href=\"#_ftn1\" name=\"_ftnref1\">[1]<\/a>. Cette efficacit\u00e9 a notamment \u00e9t\u00e9 \u00e9tablie dans les pays qui ont mis en \u0153uvre cette disposition<a href=\"#_ftn2\" name=\"_ftnref2\">[2]<\/a>. Il n\u2019a jamais \u00e9t\u00e9 d\u00e9montr\u00e9 que les nouveaux paquets neutres dot\u00e9s de larges avertissements graphiques \u00e9taient plus faciles \u00e0 copier ; le probl\u00e8me des trafics concernant avant tout les paquets sortis des usines de ces m\u00eames fabricants qui s\u2019opposent avec force \u00e0 tout syst\u00e8me ind\u00e9pendant de suivi et de tra\u00e7abilit\u00e9 de leurs produits. Enfin, les juridictions nationales, europ\u00e9ennes et internationales ont syst\u00e9matiquement confirm\u00e9 la conformit\u00e9 de la mesure en droit interne, europ\u00e9en et droits des marques<a href=\"#_ftn3\" name=\"_ftnref3\">[3]<\/a>&#8211;<a href=\"#_ftn4\" name=\"_ftnref4\">[4]<\/a>&#8211;<a href=\"#_ftn5\" name=\"_ftnref5\">[5]<\/a>&#8211;<a href=\"#_ftn6\" name=\"_ftnref6\">[6]<\/a>&#8211;<a href=\"#_ftn7\" name=\"_ftnref7\">[7]<\/a>.<\/p>\n<p>Il appara\u00eet manifeste que l&rsquo;industrie du tabac, via l\u2019intervention de trois \u00c9tats membres de l&rsquo;UE, a influenc\u00e9 les mesures de lutte antitabac aux Pays-Bas en retardant de plusieurs mois l\u2019interdiction de paquet neutre.<\/p>\n<p>Il s\u2019agit d\u2019une violation manifeste des dispositions de l&rsquo;article 5.3 de la <a href=\"https:\/\/apps.who.int\/iris\/bitstream\/handle\/10665\/42812\/9242591017.pdf;jsessionid=A5F4FBF5B93DBA8956CB7ED16BF2F6E9?sequence=1\">Convention-cadre pour la lutte antitabac<\/a> de l&rsquo;Organisation mondiale de la sant\u00e9 que tous les \u00c9tats membres de l&rsquo;UE se sont engag\u00e9s conjointement \u00e0 respecter, en particulier les trois pays concern\u00e9s. L&rsquo;article dispose que les Parties ayant ratifi\u00e9 ce trait\u00e9 international, juridiquement contraignant, doivent veiller \u00e0 ce que l&rsquo;\u00e9laboration et la mise en \u0153uvre de ses politiques de lutte antitabac ne soient pas influenc\u00e9es par l&rsquo;industrie du tabac. Dans cette perspective, les Pays-Bas doivent poursuivre sur la voie qu&rsquo;ils ont emprunt\u00e9e et \u0153uvrer pour les institutions europ\u00e9ennes ne soient pas instrumentalis\u00e9es au service des int\u00e9r\u00eats de fabricants de tabac.<\/p>\n<p><span style=\"color: #666699;\"><a style=\"color: #666699;\" href=\"https:\/\/www.generationsanstabac.org\/\">\u00a9G\u00e9n\u00e9ration Sans Tabac<\/a><\/span><\/p>\n<hr \/>\n<p><em><a href=\"#_ftnref1\" name=\"_ftn1\">[1]<\/a> <a href=\"https:\/\/www.health.gov.au\/health-topics\/smoking-and-tobacco\/tobacco-control\/tobacco-plain-packaging\">https:\/\/www.health.gov.au\/health-topics\/smoking-and-tobacco\/tobacco-control\/tobacco-plain-packaging<\/a><\/em><\/p>\n<p><em><a href=\"#_ftnref2\" name=\"_ftn2\">[2]<\/a> F. El-Khoury et al. \u00ab Plain tobacco packaging, increased graphic health warnings and adolescents\u2019 perceptions and initiation of smoking: DePICT, a French nationwide study \u00bb BMJ Tobbaco Control, novembre 2018. doi:<a href=\"http:\/\/dx.doi.org\/10.1136\/tobaccocontrol-2018-054573\">10.1136\/tobaccocontrol-2018-054573<\/a><\/em><\/p>\n<p><em><a href=\"#_ftnref3\" name=\"_ftn3\">[3]<\/a> <a href=\"https:\/\/www.conseil-constitutionnel.fr\/decision\/2016\/2015727DC.htm\">https:\/\/www.conseil-constitutionnel.fr\/decision\/2016\/2015727DC.htm<\/a><\/em><\/p>\n<p><em><a href=\"#_ftnref4\" name=\"_ftn4\">[4]<\/a>_<a href=\"https:\/\/www.conseil-etat.fr\/ressources\/decisions-contentieuses\/dernieres-decisions-importantes\/ce-23-decembre-2016-societe-jt-international-sa-societe-d-exploitation-industrielle-des-tabacs-et-des-allumettes-societe-philip-morris-france-s\">https:\/\/www.conseil-etat.fr\/ressources\/decisions-contentieuses\/dernieres-decisions-importantes\/ce-23-decembre-2016-societe-jt-international-sa-societe-d-exploitation-industrielle-des-tabacs-et-des-allumettes-societe-philip-morris-france-s<\/a><\/em><\/p>\n<p><em><a href=\"#_ftnref5\" name=\"_ftn5\">[5]<\/a> <a href=\"http:\/\/www.judiciary.gov.uk\/wp-content\/uploads\/2016\/05\/bat-v-\">www.judiciary.gov.uk\/wp-content\/uploads\/2016\/05\/bat-v-<\/a><\/em><\/p>\n<p><em><a href=\"https:\/\/eur-lex.europa.eu\/legal-content\/fr\/TXT\/PDF\/?uri=uriserv%3AOJ.C_.2016.243.01.0012.01.FRA\">https:\/\/eur-lex.europa.eu\/legal-content\/fr\/TXT\/PDF\/?uri=uriserv%3AOJ.C_.2016.243.01.0012.01.FRA<\/a><\/em><\/p>\n<p><em><a href=\"#_ftnref6\" name=\"_ftn6\">[6]<\/a> <a href=\"https:\/\/eur-lex.europa.eu\/legal-content\/FR\/TXT\/?uri=CELEX:62014CN0358\">https:\/\/eur-lex.europa.eu\/legal-content\/FR\/TXT\/?uri=CELEX:62014CN0358<\/a><\/em><\/p>\n<p><em><a href=\"#_ftnref7\" name=\"_ftn7\">[7]<\/a> <a href=\"https:\/\/www.wto.org\/french\/tratop_f\/dispu_f\/435_441_458_467r_f.pdf\">https:\/\/www.wto.org\/french\/tratop_f\/dispu_f\/435_441_458_467r_f.pdf<\/a><\/em><\/p>\n<p><span style=\"color: #e8e8e8;\"><strong><a style=\"color: #e8e8e8;\" href=\"http:\/\/www.cnct.fr\/\" target=\"_blank\" rel=\"noopener noreferrer\">\u00a9Comit\u00e9 National Contre le Tabagisme |<\/a><\/strong><\/span><\/p>\n","protected":false},"excerpt":{"rendered":"<p>L&rsquo;introduction de paquets neutres pour les produits du tabac aux Pays-Bas a \u00e9t\u00e9 retard\u00e9e de plusieurs mois \u00e0 cause de l&rsquo;industrie du tabac<\/p>\n","protected":false},"featured_media":19600,"template":"","tags":[],"thematique":[499],"class_list":["post-19667","actualites","type-actualites","status-publish","has-post-thumbnail","hentry","thematique-lobby"],"acf":[],"_links":{"self":[{"href":"https:\/\/www.generationsanstabac.org\/fr\/wp-json\/wp\/v2\/actualites\/19667","targetHints":{"allow":["GET"]}}],"collection":[{"href":"https:\/\/www.generationsanstabac.org\/fr\/wp-json\/wp\/v2\/actualites"}],"about":[{"href":"https:\/\/www.generationsanstabac.org\/fr\/wp-json\/wp\/v2\/types\/actualites"}],"version-history":[{"count":0,"href":"https:\/\/www.generationsanstabac.org\/fr\/wp-json\/wp\/v2\/actualites\/19667\/revisions"}],"wp:featuredmedia":[{"embeddable":true,"href":"https:\/\/www.generationsanstabac.org\/fr\/wp-json\/wp\/v2\/media\/19600"}],"wp:attachment":[{"href":"https:\/\/www.generationsanstabac.org\/fr\/wp-json\/wp\/v2\/media?parent=19667"}],"wp:term":[{"taxonomy":"post_tag","embeddable":true,"href":"https:\/\/www.generationsanstabac.org\/fr\/wp-json\/wp\/v2\/tags?post=19667"},{"taxonomy":"thematique","embeddable":true,"href":"https:\/\/www.generationsanstabac.org\/fr\/wp-json\/wp\/v2\/thematique?post=19667"}],"curies":[{"name":"wp","href":"https:\/\/api.w.org\/{rel}","templated":true}]}}