{"id":19666,"date":"2020-04-20T08:06:10","date_gmt":"2020-04-20T06:06:10","guid":{"rendered":"https:\/\/www.generationsanstabac.org\/actualites\/covid-19-et-nicotine-lalliance-contre-le-tabac-remet-les-pendules-a-lheure\/"},"modified":"2020-04-20T08:06:10","modified_gmt":"2020-04-20T06:06:10","slug":"covid-19-et-nicotine-lalliance-contre-le-tabac-remet-les-pendules-a-lheure","status":"publish","type":"actualites","link":"https:\/\/www.generationsanstabac.org\/fr\/actualites\/covid-19-et-nicotine-lalliance-contre-le-tabac-remet-les-pendules-a-lheure\/","title":{"rendered":"Covid 19 et Nicotine, l\u2019Alliance Contre le Tabac remet les pendules \u00e0 l\u2018heure"},"content":{"rendered":"<p style=\"text-align: justify;\">L\u2019Alliance contre le tabac, coalition qui r\u00e9unit les acteurs de la soci\u00e9t\u00e9 civile engag\u00e9s dans la lutte contre le tabagisme, vient de diffuser un communiqu\u00e9 de presse alertant sur les risques d\u2019une interpr\u00e9tation h\u00e2tive de donn\u00e9es scientifiques pr\u00e9liminaires et imparfaites ayant pu conduire \u00e0 des extrapolations hasardeuses, voire dangereuses pour les fumeurs. L\u2019Alliance contre le tabac tient \u00e0 mettre en garde contre toute reprise h\u00e2tive de tels propos tendant \u00e0 la confusion entre tabac et nicotine et leurs effets respectifs sur l\u2019\u00e9volution de patients atteints du COVID-19.<\/p>\n<p style=\"text-align: justify;\">A cet \u00e9gard, rappelons que :<\/p>\n<ol style=\"text-align: justify;\">\n<li>Un grand nombre de personnes peuvent \u00eatre affect\u00e9es par le virus corona sans d\u00e9velopper, fort heureusement, une forme grave de la maladie.<\/li>\n<li>Ce virus est particuli\u00e8rement dangereux pour les personnes vuln\u00e9rables, notamment les personnes \u00e2g\u00e9es et les personnes souffrant de co-morbidit\u00e9s,<\/li>\n<li>Le COVID 19 est une affection qui touche plus particuli\u00e8rement les voies respiratoires,<\/li>\n<li>Le tabagisme affaiblit le syst\u00e8me immunitaire des fumeurs et leurs capacit\u00e9s pulmonaires,<\/li>\n<li>Les fumeurs pr\u00e9sentent un risque major\u00e9 de d\u00e9velopper une forme grave du COVID 19.<\/li>\n<li>Fumer toute sa vie r\u00e9duit celle-ci en moyenne de 10 \u00e0 15 ann\u00e9es.<\/li>\n<li>La nicotine est la drogue pr\u00e9sente dans le tabac. La composition de la fum\u00e9e de tabac ne se limite pas \u00e0 la nicotine et aucune donn\u00e9e \u00e9pid\u00e9miologique actuelle ne permet de conclure \u00e0 un \u00e9ventuel effet protecteur de la fum\u00e9e de tabac.<\/li>\n<li>Le tabac tue annuellement 8 millions de personnes dans le monde.<\/li>\n<li>En France 200 fumeurs d\u00e9c\u00e8dent pr\u00e9matur\u00e9ment chaque jour de leur tabagisme.<\/li>\n<li>Arr\u00eater de fumer \u00e0 30 ans, c\u2019est gagner 10 ans de vie.<\/li>\n<\/ol>\n<p style=\"text-align: justify;\">Aussi, le seul message \u00e0 l\u2019attention des fumeurs est : arr\u00eatez de fumer le plus t\u00f4t possible et n\u2019h\u00e9sitez pas \u00e0 vous faire aider par les professionnels de sant\u00e9,  m\u00e9decins, pharmaciens, addictologies et Tabac Info Service.<\/p>\n<p style=\"text-align: justify;\"><a href=\"https:\/\/www.alliancecontreletabac.org\/actualites-blog\/2020\/4\/17\/communiqu-de-presse-covid-19-et-tabagisme-lhypothse-dun-effet-protecteur-de-la-nicotine-prendre-avec-grande-prcaution\" target=\"_blank\" rel=\"noopener noreferrer\">Pour lire le communique de presse de l&rsquo;Alliance. <\/a><\/p>\n<p><span style=\"color: #666699;\"><a style=\"color: #666699;\" href=\"https:\/\/www.generationsanstabac.org\/\">\u00a9G\u00e9n\u00e9ration Sans Tabac<\/a><\/span><\/p>\n<p><span style=\"color: #e8e8e8;\"><strong><a style=\"color: #e8e8e8;\" href=\"http:\/\/www.cnct.fr\/\" target=\"_blank\" rel=\"noopener noreferrer\">\u00a9Comit\u00e9 National Contre le Tabagisme |<\/a><\/strong><\/span><\/p>\n","protected":false},"excerpt":{"rendered":"<p>Les fumeurs pr\u00e9sentent un risque major\u00e9 de d\u00e9velopper une forme grave du COVID 19. Arr\u00eatez de fumer le plus t\u00f4t possible.<\/p>\n","protected":false},"featured_media":15062,"template":"","tags":[],"thematique":[474],"class_list":["post-19666","actualites","type-actualites","status-publish","has-post-thumbnail","hentry","thematique-sante"],"acf":[],"_links":{"self":[{"href":"https:\/\/www.generationsanstabac.org\/fr\/wp-json\/wp\/v2\/actualites\/19666","targetHints":{"allow":["GET"]}}],"collection":[{"href":"https:\/\/www.generationsanstabac.org\/fr\/wp-json\/wp\/v2\/actualites"}],"about":[{"href":"https:\/\/www.generationsanstabac.org\/fr\/wp-json\/wp\/v2\/types\/actualites"}],"version-history":[{"count":0,"href":"https:\/\/www.generationsanstabac.org\/fr\/wp-json\/wp\/v2\/actualites\/19666\/revisions"}],"wp:featuredmedia":[{"embeddable":true,"href":"https:\/\/www.generationsanstabac.org\/fr\/wp-json\/wp\/v2\/media\/15062"}],"wp:attachment":[{"href":"https:\/\/www.generationsanstabac.org\/fr\/wp-json\/wp\/v2\/media?parent=19666"}],"wp:term":[{"taxonomy":"post_tag","embeddable":true,"href":"https:\/\/www.generationsanstabac.org\/fr\/wp-json\/wp\/v2\/tags?post=19666"},{"taxonomy":"thematique","embeddable":true,"href":"https:\/\/www.generationsanstabac.org\/fr\/wp-json\/wp\/v2\/thematique?post=19666"}],"curies":[{"name":"wp","href":"https:\/\/api.w.org\/{rel}","templated":true}]}}