{"id":19644,"date":"2020-03-31T12:32:27","date_gmt":"2020-03-31T10:32:27","guid":{"rendered":"https:\/\/www.generationsanstabac.org\/actualites\/loffensive-de-philip-morris-en-grece\/"},"modified":"2020-03-31T12:32:27","modified_gmt":"2020-03-31T10:32:27","slug":"loffensive-de-philip-morris-en-grece","status":"publish","type":"actualites","link":"https:\/\/www.generationsanstabac.org\/fr\/actualites\/loffensive-de-philip-morris-en-grece\/","title":{"rendered":"L\u2019offensive de Philip Morris en Gr\u00e8ce"},"content":{"rendered":"<p>Depuis 2018, la petite \u00eele d\u2019Astypal\u00e9e, situ\u00e9e dans la mer Eg\u00e9e, pr\u00e8s de la Gr\u00e8ce, a pris la d\u00e9cision de bannir la cigarette de son territoire, et en particulier de ses plages, des terrasses de ses restaurants, des places, du port et du Moulin, principal lieu touristique de la municipalit\u00e9. Selon les pouvoirs publics locaux, cette d\u00e9cision fait suite \u00e0 la lassitude des habitants face \u00e0 la quantit\u00e9 de m\u00e9gots jet\u00e9s dans la nature, et \u00e0 la volont\u00e9 affich\u00e9e de promouvoir aupr\u00e8s des habitants et des touristes le concept d\u2019un \u00ab monde sans fum\u00e9e \u00bb<a href=\"#_ftn1\" name=\"_ftnref1\">[1]<\/a>.<\/p>\n<p>C\u2019est pr\u00e9cis\u00e9ment ici que le b\u00e2t blesse. Cette initiative est faite en coordination avec Philip Morris International, qui ne cache pas ses ambitions de transformer l\u2019\u00eele en un \u00ab laboratoire grandeur nature de transformation des comportements \u00bb. La municipalit\u00e9 promeut aupr\u00e8s des touristes et habitants les nouveaux produits du fabricant, notamment son tabac chauff\u00e9 et cigarettes \u00e9lectroniques.<\/p>\n<p>En d\u2019autres termes, la municipalit\u00e9 offre un \u00e9crin inesp\u00e9r\u00e9 \u00e0 Philip Morris pour d\u00e9velopper les ventes de ses produits, alors qu\u2019aucune \u00e9tude ind\u00e9pendante n\u2019atteste que ces produits soient moins dangereux. Elle joue le jeu de redorer l\u2019image du fabricant en ne r\u00e9glant aucun probl\u00e8me qu\u2019il s\u2019agisse de la dimension sanitaire comme celle de l\u2019environnement : les nouveaux produits du fabricant \u00e9tant particuli\u00e8rement toxiques \u00e0 cet \u00e9gard. Cette situation s\u2019oppose en outre frontalement aux dispositions de la Convention-cadre de l\u2019Organisation Mondiale de la Sant\u00e9 pour la lutte antitabac (CCLAT). Ces derni\u00e8res pr\u00e9voient notamment l\u2019interdiction de toute forme de publicit\u00e9 directe ou indirecte en faveur des produits du tabac et du vapotage et en particulier l\u2019interdiction de tromper les consommateurs en leur faisant croire que certains produits du tabac seraient moins dangereux que d\u2019autres. Enfin, une telle d\u00e9marche est totalement contraire \u00e0 la protection des politiques publiques \u00e0 l\u2019\u00e9gard de l\u2019ing\u00e9rence de l\u2019industrie du tabac laquelle vise pr\u00e9cis\u00e9ment \u00e0 revenir \u00e0 la table des d\u00e9cisions pour prot\u00e9ger ses int\u00e9r\u00eats et assouplir les mesures de protection en vigueur.<\/p>\n<p><span style=\"color: #666699;\"><a style=\"color: #666699;\" href=\"https:\/\/www.generationsanstabac.org\/\">\u00a9G\u00e9n\u00e9ration Sans Tabac<\/a><\/span><\/p>\n<hr \/>\n<p><a href=\"#_ftnref1\" name=\"_ftn1\">[1]<\/a> Newsly, \u00ab Cette petite \u00eele en Gr\u00e8ce qui a fait le choix de bannir la fum\u00e9e \u00bb, 23\/03\/2020<\/p>\n<p><a href=\"https:\/\/newsly.fr\/2020\/03\/23\/cette-petite-ile-grecque-qui-a-fait-le-choix-de-bannir-la-fumee\/\">https:\/\/newsly.fr\/2020\/03\/23\/cette-petite-ile-grecque-qui-a-fait-le-choix-de-bannir-la-fumee\/<\/a><\/p>\n<p><span style=\"color: #e8e8e8;\"><strong><a style=\"color: #e8e8e8;\" href=\"http:\/\/www.cnct.fr\/\" target=\"_blank\" rel=\"noopener noreferrer\"> \u00a9Comit\u00e9 National Contre le Tabagisme |<\/a><\/strong><\/span><\/p>\n","protected":false},"excerpt":{"rendered":"<p>Depuis 2018, la petite \u00eele d\u2019Astypal\u00e9e, situ\u00e9e dans la mer Eg\u00e9e, pr\u00e8s de la Gr\u00e8ce, a pris la d\u00e9cision de bannir la cigarette de son territoire<\/p>\n","protected":false},"featured_media":19645,"template":"","tags":[],"thematique":[499],"class_list":["post-19644","actualites","type-actualites","status-publish","has-post-thumbnail","hentry","thematique-lobby"],"acf":[],"_links":{"self":[{"href":"https:\/\/www.generationsanstabac.org\/fr\/wp-json\/wp\/v2\/actualites\/19644","targetHints":{"allow":["GET"]}}],"collection":[{"href":"https:\/\/www.generationsanstabac.org\/fr\/wp-json\/wp\/v2\/actualites"}],"about":[{"href":"https:\/\/www.generationsanstabac.org\/fr\/wp-json\/wp\/v2\/types\/actualites"}],"version-history":[{"count":0,"href":"https:\/\/www.generationsanstabac.org\/fr\/wp-json\/wp\/v2\/actualites\/19644\/revisions"}],"wp:featuredmedia":[{"embeddable":true,"href":"https:\/\/www.generationsanstabac.org\/fr\/wp-json\/wp\/v2\/media\/19645"}],"wp:attachment":[{"href":"https:\/\/www.generationsanstabac.org\/fr\/wp-json\/wp\/v2\/media?parent=19644"}],"wp:term":[{"taxonomy":"post_tag","embeddable":true,"href":"https:\/\/www.generationsanstabac.org\/fr\/wp-json\/wp\/v2\/tags?post=19644"},{"taxonomy":"thematique","embeddable":true,"href":"https:\/\/www.generationsanstabac.org\/fr\/wp-json\/wp\/v2\/thematique?post=19644"}],"curies":[{"name":"wp","href":"https:\/\/api.w.org\/{rel}","templated":true}]}}