{"id":19643,"date":"2020-03-30T10:28:44","date_gmt":"2020-03-30T08:28:44","guid":{"rendered":"https:\/\/www.generationsanstabac.org\/actualites\/covid-19-alerte-a-lattention-des-fumeurs-et-vapoteurs\/"},"modified":"2020-03-30T10:28:44","modified_gmt":"2020-03-30T08:28:44","slug":"covid-19-alerte-a-lattention-des-fumeurs-et-vapoteurs","status":"publish","type":"actualites","link":"https:\/\/www.generationsanstabac.org\/fr\/actualites\/covid-19-alerte-a-lattention-des-fumeurs-et-vapoteurs\/","title":{"rendered":"Covid 19 alerte \u00e0 l\u2019attention des fumeurs et vapoteurs"},"content":{"rendered":"<p>L\u2019\u00e9pid\u00e9mie actuelle due au coronavirus, conduit \u00e0 des atteintes respiratoires qui peuvent \u00eatre s\u00e9v\u00e8res voire fatales (Covid 19).<\/p>\n<p>De plus en plus de professionnels et d\u2019organisations de sant\u00e9 alertent sur les liens entre le tabagisme et le Covid 19 : risque major\u00e9 pour les fumeurs de contracter la maladie et de d\u00e9velopper une forme grave mais aussi risque de diss\u00e9mination de la maladie.<\/p>\n<p>Cette diss\u00e9mination r\u00e9sulte d\u2019une toux fr\u00e9quente et de la pr\u00e9sence dans la fum\u00e9e de tabac de particules sur lesquelles se fixent les virus qui peuvent alors \u00eatre inhal\u00e9es par l\u2019entourage. Enfin, ces particules potentiellement contagieuses se d\u00e9posent sur les meubles, tapis, v\u00eatements \u2026  et sont \u00e0 l\u2019origine du tabagisme ultra-passif, par inhalation suite \u00e0 leur relargage  dans l\u2019air et par ingestion, en particulier pour les petits enfants qui se l\u00e8chent les doigts.<\/p>\n<p>S\u2019agissant des vapoteurs, il est trop t\u00f4t pour dire s\u2019ils sont plus souvent atteints et\/ou pr\u00e9sentent des formes plus s\u00e9v\u00e8res que les non-fumeurs non-vapoteurs.<\/p>\n<p>En revanche, ce qui est certain, c\u2019est que les particules pr\u00e9sentes dans la vapeur exhal\u00e9e par les vapoteurs infect\u00e9s par le coronavirus sont potentiellement porteuses du virus et peuvent \u00eatre \u00e0 l\u2019origine de contaminations par vapotages passif et ultra-passif au m\u00eame titre que pour le tabagisme <a href=\"#_ftn1\" name=\"_ftnref1\">[1]<\/a>&#8211;<a href=\"#_ftn2\" name=\"_ftnref2\">[2]<\/a>.<\/p>\n<p>Des appels pressants sont faits \u00e0 l\u2019attention des fumeurs et vapoteurs afin de les informer et les inciter \u00e0 cesser leur consommation pour eux-m\u00eames et leur entourage et \u00e0 se faire aider pour y parvenir <a href=\"#_ftn3\" name=\"_ftnref3\">[3]<\/a>&#8211;<a href=\"#_ftn4\" name=\"_ftnref4\">[4]<\/a>.<\/p>\n<p><span style=\"color: #666699;\"><a style=\"color: #666699;\" href=\"https:\/\/www.generationsanstabac.org\/\">\u00a9G\u00e9n\u00e9ration Sans Tabac<\/a><\/span><\/p>\n<hr \/>\n<p><a href=\"#_ftnref1\" name=\"_ftn1\">[1]<\/a> Aerodynamic Characteristics and RNA Concentration of SARS-CoV-2 Aerosol in Wuhan Hospitals during COVID-19 Outbreak, Yuan Liu, Zhi Ning et al, BiorXiv, March 2020 <a href=\"https:\/\/www.biorxiv.org\/content\/10.1101\/2020.03.08.982637v1\">https:\/\/www.biorxiv.org\/content\/10.1101\/2020.03.08.982637v1<\/a>,<\/p>\n<p><a href=\"#_ftnref2\" name=\"_ftn2\">[2]<\/a> Aerosol and surface stability of SARS-Cov-2 as compared with SARS-Cov-1, Correspondence New England Journal of Medicine, March 2020, <a href=\"https:\/\/www.nejm.org\/doi\/full\/10.1056\/NEJMc2004973\">https:\/\/www.nejm.org\/doi\/full\/10.1056\/NEJMc2004973<\/a> .<\/p>\n<p><a href=\"#_ftnref3\" name=\"_ftn3\">[3]<\/a> <a href=\"http:\/\/societe-francophone-de-tabacologie.org\/dl\/SFT-CP-Tabac-et-Covid19-2020_03_25.pdf\">http:\/\/societe-francophone-de-tabacologie.org\/dl\/SFT-CP-Tabac-et-Covid19-2020_03_25.pdf<\/a><\/p>\n<p><a href=\"#_ftnref4\" name=\"_ftn4\">[4]<\/a> <a href=\"https:\/\/cnct.fr\/communiques\/covid-19-fumeurs-et-vapoteurs-il-est-urgent-darreter-pour-vous-et-vos-proches\/\">https:\/\/cnct.fr\/communiques\/covid-19-fumeurs-et-vapoteurs-il-est-urgent-darreter-pour-vous-et-vos-proches\/<\/a><\/p>\n<p><span style=\"color: #e8e8e8;\"><strong><a style=\"color: #e8e8e8;\" href=\"http:\/\/www.cnct.fr\/\" target=\"_blank\" rel=\"noopener noreferrer\"> \u00a9Comit\u00e9 National Contre le Tabagisme |<\/a><\/strong><\/span><\/p>\n","protected":false},"excerpt":{"rendered":"<p>L\u2019\u00e9pid\u00e9mie actuelle due au coronavirus, conduit \u00e0 des atteintes respiratoires qui peuvent \u00eatre s\u00e9v\u00e8res voire fatales (Covid 19).<\/p>\n","protected":false},"featured_media":9764,"template":"","tags":[],"thematique":[474],"class_list":["post-19643","actualites","type-actualites","status-publish","has-post-thumbnail","hentry","thematique-sante"],"acf":[],"_links":{"self":[{"href":"https:\/\/www.generationsanstabac.org\/fr\/wp-json\/wp\/v2\/actualites\/19643","targetHints":{"allow":["GET"]}}],"collection":[{"href":"https:\/\/www.generationsanstabac.org\/fr\/wp-json\/wp\/v2\/actualites"}],"about":[{"href":"https:\/\/www.generationsanstabac.org\/fr\/wp-json\/wp\/v2\/types\/actualites"}],"version-history":[{"count":0,"href":"https:\/\/www.generationsanstabac.org\/fr\/wp-json\/wp\/v2\/actualites\/19643\/revisions"}],"wp:featuredmedia":[{"embeddable":true,"href":"https:\/\/www.generationsanstabac.org\/fr\/wp-json\/wp\/v2\/media\/9764"}],"wp:attachment":[{"href":"https:\/\/www.generationsanstabac.org\/fr\/wp-json\/wp\/v2\/media?parent=19643"}],"wp:term":[{"taxonomy":"post_tag","embeddable":true,"href":"https:\/\/www.generationsanstabac.org\/fr\/wp-json\/wp\/v2\/tags?post=19643"},{"taxonomy":"thematique","embeddable":true,"href":"https:\/\/www.generationsanstabac.org\/fr\/wp-json\/wp\/v2\/thematique?post=19643"}],"curies":[{"name":"wp","href":"https:\/\/api.w.org\/{rel}","templated":true}]}}