{"id":19642,"date":"2020-03-25T11:05:16","date_gmt":"2020-03-25T10:05:16","guid":{"rendered":"https:\/\/www.generationsanstabac.org\/actualites\/pakistan-suppression-des-lineaires-de-tabac\/"},"modified":"2020-03-25T11:05:16","modified_gmt":"2020-03-25T10:05:16","slug":"pakistan-suppression-des-lineaires-de-tabac","status":"publish","type":"actualites","link":"https:\/\/www.generationsanstabac.org\/fr\/actualites\/pakistan-suppression-des-lineaires-de-tabac\/","title":{"rendered":"Pakistan, suppression des lin\u00e9aires de tabac"},"content":{"rendered":"<p>Bien que le Pakistan ait sign\u00e9 la <a href=\"https:\/\/apps.who.int\/iris\/bitstream\/handle\/10665\/42812\/9242591017.pdf;jsessionid=250624062D92EE0CE4151B94691B806E?sequence=1\">Convention-cadre pour la lutte antitabac<\/a> (CCLAT) de l\u2019Organisation mondiale de la sant\u00e9 (OMS) &#8211; en vertu de laquelle il s\u2019engage politiquement \u00e0 contenir la consommation de tabac dans le pays- , sa mise en conformit\u00e9 reste assez lente. Cependant, d\u00e9but mars, le minist\u00e8re des Services nationaux de sant\u00e9 a adopt\u00e9 la vente sous le comptoir dans les points de vente qui se caract\u00e9rise par une interdiction des lin\u00e9aires de paquet.<\/p>\n<p>Dans le d\u00e9cret<a href=\"#_ftn1\" name=\"_ftnref1\">[1]<\/a> publi\u00e9 dans la Gazette officielle du Pakistan, le gouvernement pr\u00e9voit des dispositions strictes pour les entreprises de fabrication de tabac et les d\u00e9taillants qui vendent des cigarettes et d&rsquo;autres produits du tabac.<\/p>\n<p>Le d\u00e9cret indique que \u00ab <em>les produits du tabac ne peuvent pas faire l\u2019objet d\u2019un affichage et \u00eatre visibles \u00e0 l&rsquo;int\u00e9rieur ou \u00e0 l&rsquo;ext\u00e9rieur d&rsquo;un point de vente, y compris un point de vente mobile ou fixe. Les vendeurs de rue sont \u00e9galement interdits <\/em>\u00bb<\/p>\n<p>Les paquets de tabac ne peuvent donc plus \u00eatre visibles et encore moins promus \u00e9largissant le champ de l\u2019interdiction de publicit\u00e9 en vigueur<a href=\"#_ftn2\" name=\"_ftnref2\">[2]<\/a>.<\/p>\n<p><span style=\"color: #666699;\"><a style=\"color: #666699;\" href=\"https:\/\/www.generationsanstabac.org\/\">\u00a9G\u00e9n\u00e9ration Sans Tabac<\/a><\/span><\/p>\n<hr \/>\n<p><a href=\"#_ftnref1\" name=\"_ftn1\">[1]<\/a> D\u00e9cret non disponible \u00e0 ce jour sur le site internet de la Gazette officielle du Pakistan<\/p>\n<p><a href=\"https:\/\/dailytimes.com.pk\/570428\/health-ministry-imposes-ban-on-display-of-cigarettes-at-shops\/\">https:\/\/dailytimes.com.pk\/570428\/health-ministry-imposes-ban-on-display-of-cigarettes-at-shops\/<\/a><\/p>\n<p><a href=\"#_ftnref2\" name=\"_ftn2\">[2]<\/a><a href=\"https:\/\/untobaccocontrol.org\/impldb\/wp-content\/uploads\/Pakistan_2018_report.pdf\">https:\/\/untobaccocontrol.org\/impldb\/wp-content\/uploads\/Pakistan_2018_report.pdf<\/a><\/p>\n<p>&nbsp;<\/p>\n<p><span style=\"color: #e8e8e8;\"><strong><a style=\"color: #e8e8e8;\" href=\"http:\/\/www.cnct.fr\/\" target=\"_blank\" rel=\"noopener noreferrer\"> \u00a9Comit\u00e9 National Contre le Tabagisme |<\/a><\/strong><\/span><\/p>\n","protected":false},"excerpt":{"rendered":"<p>Dans le d\u00e9cret publi\u00e9 dans la Gazette officielle du Pakistan, le gouvernement pr\u00e9voit des dispositions strictes pour les entreprises de fabrication de tabac<\/p>\n","protected":false},"featured_media":19464,"template":"","tags":[],"thematique":[507,491],"class_list":["post-19642","actualites","type-actualites","status-publish","has-post-thumbnail","hentry","thematique-marketing-publicite","thematique-politiques-publiques"],"acf":[],"_links":{"self":[{"href":"https:\/\/www.generationsanstabac.org\/fr\/wp-json\/wp\/v2\/actualites\/19642","targetHints":{"allow":["GET"]}}],"collection":[{"href":"https:\/\/www.generationsanstabac.org\/fr\/wp-json\/wp\/v2\/actualites"}],"about":[{"href":"https:\/\/www.generationsanstabac.org\/fr\/wp-json\/wp\/v2\/types\/actualites"}],"version-history":[{"count":0,"href":"https:\/\/www.generationsanstabac.org\/fr\/wp-json\/wp\/v2\/actualites\/19642\/revisions"}],"wp:featuredmedia":[{"embeddable":true,"href":"https:\/\/www.generationsanstabac.org\/fr\/wp-json\/wp\/v2\/media\/19464"}],"wp:attachment":[{"href":"https:\/\/www.generationsanstabac.org\/fr\/wp-json\/wp\/v2\/media?parent=19642"}],"wp:term":[{"taxonomy":"post_tag","embeddable":true,"href":"https:\/\/www.generationsanstabac.org\/fr\/wp-json\/wp\/v2\/tags?post=19642"},{"taxonomy":"thematique","embeddable":true,"href":"https:\/\/www.generationsanstabac.org\/fr\/wp-json\/wp\/v2\/thematique?post=19642"}],"curies":[{"name":"wp","href":"https:\/\/api.w.org\/{rel}","templated":true}]}}