{"id":19633,"date":"2020-03-20T08:37:14","date_gmt":"2020-03-20T07:37:14","guid":{"rendered":"https:\/\/www.generationsanstabac.org\/actualites\/adoption-legislation-lutte-tabagisme-bolivie\/"},"modified":"2020-03-20T08:37:14","modified_gmt":"2020-03-20T07:37:14","slug":"adoption-legislation-lutte-tabagisme-bolivie","status":"publish","type":"actualites","link":"https:\/\/www.generationsanstabac.org\/fr\/actualites\/adoption-legislation-lutte-tabagisme-bolivie\/","title":{"rendered":"Adoption d\u2019une l\u00e9gislation compl\u00e8te de lutte contre le tabagisme en Bolivie"},"content":{"rendered":"<p style=\"text-align: justify;\">En f\u00e9vrier 2020, la pr\u00e9sidente du S\u00e9nat bolivien, Eva Copa a sign\u00e9 un projet de loi de lutte contre le tabagisme. En Bolivie, environ 22% des hommes et 12% des femmes fument du tabac. De plus, 46,6% des jeunes sont expos\u00e9s \u00e0 la fum\u00e9e secondaire dans les lieux publics int\u00e9rieurs et en 2017, plus de 4600 Boliviens sont morts de mani\u00e8re pr\u00e9matur\u00e9e de maladies imputables au tabac<a href=\"#_ftn1\" name=\"_ftnref1\">[1]<\/a>.<\/p>\n<p style=\"text-align: justify;\">La nouvelle loi vise \u00e0 r\u00e9duire la consommation de tabac et l\u2019exposition \u00e0 ces produits. Elle interdit totalement et sans exception de fumer dans tous les lieux int\u00e9rieurs publics. De plus grands avertissements graphiques sanitaires couvrant 60% du recto et du verso des paquets de cigarettes sont impos\u00e9s et des restrictions sont pr\u00e9vues en mati\u00e8re de publicit\u00e9, promotion et parrainage du tabac, afin de prot\u00e9ger les enfants et adolescents des strat\u00e9gies marketing trompeuses et incitatrices de l\u2019industrie du tabac.<\/p>\n<p style=\"text-align: justify;\">Avec l&rsquo;approbation de cette l\u00e9gislation en Bolivie, presque tout le continent sud-am\u00e9ricain a dor\u00e9navant adopt\u00e9 des mesures d\u2019interdiction de fumer dans les lieux publics. \u00c0 l&rsquo;exception du Paraguay, ces mesures visent \u00e0 prot\u00e9ger plus de 400 millions de personnes contre les dangers de la fum\u00e9e secondaire et cr\u00e9er les conditions pour aider les fumeurs \u00e0 arr\u00eater de fumer, tout en cassant la norme tabagique.<\/p>\n<p style=\"text-align: justify;\">De telles l\u00e9gislations s\u2019appuient tout particuli\u00e8rement sur la Convention-cadre de l\u2019Organisation mondiale de la sant\u00e9 pour la lutte antitabac. Elles r\u00e9pondent \u00e0 l\u2019objectif de protection des populations et de mise en \u0153uvre de mesures destin\u00e9es \u00e0 assurer une meilleure sant\u00e9 pour tous.<\/p>\n<p style=\"text-align: justify;\"><span style=\"color: #666699;\"><a style=\"color: #666699;\" href=\"https:\/\/www.generationsanstabac.org\/\">\u00a9G\u00e9n\u00e9ration Sans Tabac<\/a><\/span><\/p>\n<hr \/>\n<p><a href=\"#_ftnref1\" name=\"_ftn1\">[1]<\/a> <a href=\"https:\/\/tobaccoatlas.org\/country\/bolivia\/\">https:\/\/tobaccoatlas.org\/country\/bolivia\/<\/a><\/p>\n<p><span style=\"color: #e8e8e8;\"><strong><a style=\"color: #e8e8e8;\" href=\"http:\/\/www.cnct.fr\/\" target=\"_blank\" rel=\"noopener noreferrer\">| \u00a9Comit\u00e9 National Contre le Tabagisme |<\/a><\/strong><\/span><\/p>\n","protected":false},"excerpt":{"rendered":"<p>Laa pr\u00e9sidente du S\u00e9nat bolivien, Eva Copa a sign\u00e9 un projet de loi de lutte contre le tabagisme. En Bolivie, 22% des hommes et 12% des femmes fument.<\/p>\n","protected":false},"featured_media":15025,"template":"","tags":[],"thematique":[491],"class_list":["post-19633","actualites","type-actualites","status-publish","has-post-thumbnail","hentry","thematique-politiques-publiques"],"acf":[],"_links":{"self":[{"href":"https:\/\/www.generationsanstabac.org\/fr\/wp-json\/wp\/v2\/actualites\/19633","targetHints":{"allow":["GET"]}}],"collection":[{"href":"https:\/\/www.generationsanstabac.org\/fr\/wp-json\/wp\/v2\/actualites"}],"about":[{"href":"https:\/\/www.generationsanstabac.org\/fr\/wp-json\/wp\/v2\/types\/actualites"}],"version-history":[{"count":0,"href":"https:\/\/www.generationsanstabac.org\/fr\/wp-json\/wp\/v2\/actualites\/19633\/revisions"}],"wp:featuredmedia":[{"embeddable":true,"href":"https:\/\/www.generationsanstabac.org\/fr\/wp-json\/wp\/v2\/media\/15025"}],"wp:attachment":[{"href":"https:\/\/www.generationsanstabac.org\/fr\/wp-json\/wp\/v2\/media?parent=19633"}],"wp:term":[{"taxonomy":"post_tag","embeddable":true,"href":"https:\/\/www.generationsanstabac.org\/fr\/wp-json\/wp\/v2\/tags?post=19633"},{"taxonomy":"thematique","embeddable":true,"href":"https:\/\/www.generationsanstabac.org\/fr\/wp-json\/wp\/v2\/thematique?post=19633"}],"curies":[{"name":"wp","href":"https:\/\/api.w.org\/{rel}","templated":true}]}}