{"id":19632,"date":"2020-03-19T16:30:24","date_gmt":"2020-03-19T15:30:24","guid":{"rendered":"https:\/\/www.generationsanstabac.org\/actualites\/tabagisme-ultra-passif-les-logements-ou-sont-passes-des-fumeurs-aussi-concernes\/"},"modified":"2020-03-19T16:30:24","modified_gmt":"2020-03-19T15:30:24","slug":"tabagisme-ultra-passif-les-logements-ou-sont-passes-des-fumeurs-aussi-concernes","status":"publish","type":"actualites","link":"https:\/\/www.generationsanstabac.org\/fr\/actualites\/tabagisme-ultra-passif-les-logements-ou-sont-passes-des-fumeurs-aussi-concernes\/","title":{"rendered":"Tabagisme ultra-passif : les logements o\u00f9 sont pass\u00e9s des fumeurs aussi concern\u00e9s"},"content":{"rendered":"<p style=\"text-align: justify;\">UFC- Que Choisir vient de publier une \u00e9tude sur la contamination de l\u2019air int\u00e9rieur dans les logements<a href=\"#_ftn1\" name=\"_ftnref1\">[1]<\/a>. Cette \u00e9tude a \u00e9t\u00e9 r\u00e9alis\u00e9e dans 900 logements de profils diversifi\u00e9s, situ\u00e9s dans des zones g\u00e9ographiques distinctes, rurales, urbaines.<\/p>\n<p style=\"text-align: justify;\">Pour \u00e9valuer cette pollution int\u00e9rieure, les poussi\u00e8res collect\u00e9es avec des aspirateurs ont \u00e9t\u00e9 analys\u00e9es. Ces poussi\u00e8res contiennent de nombreuses substances toxiques, canc\u00e9rig\u00e8nes voire reprotoxiques et des perturbateurs endocriniens. Les risques sont li\u00e9s au fait que l\u2019on respire ces particules, qu\u2019on les touche lorsqu\u2019elles sont en contact de la peau voire qu\u2019elles sont ing\u00e9r\u00e9es par les plus petits qui mettent souvent leurs mains \u00e0 la bouche comme l\u2019a d\u00e9montr\u00e9 l\u2019\u00e9tude de Sant\u00e9 Publique France, publi\u00e9e en septembre 2019 <a href=\"#_ftn2\" name=\"_ftnref2\">[2]<\/a>. Lorsqu\u2019il s\u2019agit d\u2019une exposition aux toxiques produits par la consommation de tabac fum\u00e9, on parle alors de tabagisme ultra-passif.<\/p>\n<p style=\"text-align: justify;\">Si tout le monde est concern\u00e9 par cette pollution int\u00e9rieure, les logements des fumeurs pr\u00e9sentent des risques plus \u00e9lev\u00e9s. On y trouve en effet non seulement de la nicotine mais aussi des substances canc\u00e9rig\u00e8nes, voire mutag\u00e8nes, comme les hydrocarbures aromatiques polycycliques (HAP) et des m\u00e9taux lourds dont le cadmium qui est particuli\u00e8rement dangereux.<\/p>\n<p style=\"text-align: justify;\">Cette pollution int\u00e9rieure \u00e0 l\u2019origine du tabagisme ultra-passif est bien \u00e9videment particuli\u00e8rement importante dans les logements de fumeurs.  Mais, elle est aussi notable dans des logements occup\u00e9s par des non-fumeurs (1) qui ont re\u00e7u des fumeurs, lesquels ont diffus\u00e9 dans le logement ces particules toxiques pr\u00e9sentes sur leurs v\u00eatements, leur peau et cheveux, lorsqu\u2019ils sont entr\u00e9s dans ce logement  et\/ou (2) qui ont laiss\u00e9 des fen\u00eatres ouvertes par lesquelles sont pass\u00e9es les particules pr\u00e9sentes dans la fum\u00e9e des cigarettes des fumeurs fumant sur les balcons.<\/p>\n<p style=\"text-align: justify;\">En cette p\u00e9riode de confinement, arr\u00eater de fumer est une urgence ; cela prot\u00e8ge du tabagisme actif, du tabagisme passif et du tabagisme ultra-passif.<\/p>\n<p><span style=\"color: #666699;\"><a style=\"color: #666699;\" href=\"https:\/\/www.generationsanstabac.org\/\">\u00a9G\u00e9n\u00e9ration Sans Tabac<\/a><\/span><\/p>\n<hr \/>\n<p><a href=\"#_ftnref1\" name=\"_ftn1\">[1]<\/a> Que Choisir, n\u00b0 590, Avril 2020 \u2013 Dossier du mois, Pollution int\u00e9rieure. Trop de contaminants dans nos logements, Elisabeth Chesnais, Sandrine Girollet, M\u00e9lanie Marchais, p 16-19<\/p>\n<p><a href=\"#_ftnref2\" name=\"_ftn2\">[2]<\/a> <a href=\"https:\/\/www.santepubliquefrance.fr\/presse\/2019\/polluants-du-quotidien-donnees-inedites-chez-les-enfants-et-les-adultes\">https:\/\/www.santepubliquefrance.fr\/presse\/2019\/polluants-du-quotidien-donnees-inedites-chez-les-enfants-et-les-adultes<\/a><\/p>\n<p><span style=\"color: #e8e8e8;\"><strong><a style=\"color: #e8e8e8;\" href=\"http:\/\/www.cnct.fr\/\" target=\"_blank\" rel=\"noopener noreferrer\">| \u00a9Comit\u00e9 National Contre le Tabagisme |<\/a><\/strong><\/span><\/p>\n","protected":false},"excerpt":{"rendered":"<p>En cette p\u00e9riode de confinement, arr\u00eater de fumer est une urgence ; cela prot\u00e8ge du tabagisme actif, du tabagisme passif et du tabagisme ultra-passif.<\/p>\n","protected":false},"featured_media":19469,"template":"","tags":[],"thematique":[474],"class_list":["post-19632","actualites","type-actualites","status-publish","has-post-thumbnail","hentry","thematique-sante"],"acf":[],"_links":{"self":[{"href":"https:\/\/www.generationsanstabac.org\/fr\/wp-json\/wp\/v2\/actualites\/19632","targetHints":{"allow":["GET"]}}],"collection":[{"href":"https:\/\/www.generationsanstabac.org\/fr\/wp-json\/wp\/v2\/actualites"}],"about":[{"href":"https:\/\/www.generationsanstabac.org\/fr\/wp-json\/wp\/v2\/types\/actualites"}],"version-history":[{"count":0,"href":"https:\/\/www.generationsanstabac.org\/fr\/wp-json\/wp\/v2\/actualites\/19632\/revisions"}],"wp:featuredmedia":[{"embeddable":true,"href":"https:\/\/www.generationsanstabac.org\/fr\/wp-json\/wp\/v2\/media\/19469"}],"wp:attachment":[{"href":"https:\/\/www.generationsanstabac.org\/fr\/wp-json\/wp\/v2\/media?parent=19632"}],"wp:term":[{"taxonomy":"post_tag","embeddable":true,"href":"https:\/\/www.generationsanstabac.org\/fr\/wp-json\/wp\/v2\/tags?post=19632"},{"taxonomy":"thematique","embeddable":true,"href":"https:\/\/www.generationsanstabac.org\/fr\/wp-json\/wp\/v2\/thematique?post=19632"}],"curies":[{"name":"wp","href":"https:\/\/api.w.org\/{rel}","templated":true}]}}