{"id":19617,"date":"2020-03-11T13:36:11","date_gmt":"2020-03-11T12:36:11","guid":{"rendered":"https:\/\/www.generationsanstabac.org\/actualites\/3-decembre-2020-les-rencontres-tabactu-a-villers-les-nancy\/"},"modified":"2020-03-11T13:36:11","modified_gmt":"2020-03-11T12:36:11","slug":"3-decembre-2020-les-rencontres-tabactu-a-villers-les-nancy","status":"publish","type":"actualites","link":"https:\/\/www.generationsanstabac.org\/fr\/actualites\/3-decembre-2020-les-rencontres-tabactu-a-villers-les-nancy\/","title":{"rendered":"3 d\u00e9cembre 2020, les rencontres Tabactu \u00e0 Villers les Nancy"},"content":{"rendered":"<p>L\u2019Association des Acteurs Lorrains en Tabacologie, membre de la coalition r\u00e9gionale Grand Est Sans Tabac, organise sa 11<sup>\u00e8me<\/sup> rencontre TabActu le 3 d\u00e9cembre 2020 \u00e0 Villers les Nancy.<\/p>\n<p>Cette journ\u00e9e a pour objectif de faire le point sur les probl\u00e9matiques actuelles relatives au contr\u00f4le du tabac et \u00e0 la prise en charge du traitement de la d\u00e9pendance tabagique.<\/p>\n<p>Les th\u00e8mes sont tr\u00e8s diversifi\u00e9s. Seront ainsi abord\u00e9s les enjeux li\u00e9s \u00e0 la nouvelle strat\u00e9gie mise en \u0153uvre par les fabricants de tabac, mais aussi l\u2019impact environnemental du tabac, le tabagisme pendant la grossesse, la prise en charge m\u00e9dicale du tabac etc. <a href=\"https:\/\/www.generationsanstabac.org\/wp-content\/uploads\/2020\/03\/Pour-plus-de-pr\u00e9cisions-le-programme-est-d\u2019ores-et-d\u00e9j\u00e0-disponible..pdf\">Pour plus de pr\u00e9cisions, le programme est d\u2019ores et d\u00e9j\u00e0 disponible.<\/a><\/p>\n<p>Ces rencontres Tabactu se caract\u00e9risent par des intervenants ind\u00e9pendants de tout conflit d\u2019int\u00e9r\u00eat direct ou indirect avec l\u2019industrie du tabac et de la nicotine. Ceux-ci partagent avec l\u2019ensemble des participants leurs r\u00e9sultats et pratiques fond\u00e9s sur des donn\u00e9es probantes et des enseignements scientifiques rigoureux. De telles rencontres, particuli\u00e8rement riches, soulignent l\u2019importance du r\u00f4le de chacun dans la lutte contre cette \u00e9pid\u00e9mie industrielle.<\/p>\n<p><span style=\"color: #666699;\"><a style=\"color: #666699;\" href=\"https:\/\/www.generationsanstabac.org\/\">\u00a9G\u00e9n\u00e9ration Sans Tabac<\/a><\/span><\/p>\n<hr \/>\n<p><span style=\"color: #e8e8e8;\"><a style=\"color: #e8e8e8;\" href=\"http:\/\/www.cnct.fr\/\" target=\"_blank\" rel=\"noopener noreferrer\">| \u00a9Comit\u00e9 National Contre le Tabagisme |<\/a><\/span><\/p>\n","protected":false},"excerpt":{"rendered":"<p>L\u2019Association des Acteurs Lorrains en Tabacologie, organise sa 11\u00e8me rencontre TabActu le 3 d\u00e9cembre 2020 \u00e0 Villers les Nancy.<\/p>\n","protected":false},"featured_media":9758,"template":"","tags":[],"thematique":[474],"class_list":["post-19617","actualites","type-actualites","status-publish","has-post-thumbnail","hentry","thematique-sante"],"acf":[],"_links":{"self":[{"href":"https:\/\/www.generationsanstabac.org\/fr\/wp-json\/wp\/v2\/actualites\/19617","targetHints":{"allow":["GET"]}}],"collection":[{"href":"https:\/\/www.generationsanstabac.org\/fr\/wp-json\/wp\/v2\/actualites"}],"about":[{"href":"https:\/\/www.generationsanstabac.org\/fr\/wp-json\/wp\/v2\/types\/actualites"}],"version-history":[{"count":0,"href":"https:\/\/www.generationsanstabac.org\/fr\/wp-json\/wp\/v2\/actualites\/19617\/revisions"}],"wp:featuredmedia":[{"embeddable":true,"href":"https:\/\/www.generationsanstabac.org\/fr\/wp-json\/wp\/v2\/media\/9758"}],"wp:attachment":[{"href":"https:\/\/www.generationsanstabac.org\/fr\/wp-json\/wp\/v2\/media?parent=19617"}],"wp:term":[{"taxonomy":"post_tag","embeddable":true,"href":"https:\/\/www.generationsanstabac.org\/fr\/wp-json\/wp\/v2\/tags?post=19617"},{"taxonomy":"thematique","embeddable":true,"href":"https:\/\/www.generationsanstabac.org\/fr\/wp-json\/wp\/v2\/thematique?post=19617"}],"curies":[{"name":"wp","href":"https:\/\/api.w.org\/{rel}","templated":true}]}}