{"id":19612,"date":"2020-03-09T16:00:10","date_gmt":"2020-03-09T15:00:10","guid":{"rendered":"https:\/\/www.generationsanstabac.org\/actualites\/tabagisme-tertiaire-ultra-passif-expositions-a-risque-dans-les-lieux-fermes\/"},"modified":"2020-03-09T16:00:10","modified_gmt":"2020-03-09T15:00:10","slug":"tabagisme-tertiaire-ultra-passif-expositions-a-risque-dans-les-lieux-fermes","status":"publish","type":"actualites","link":"https:\/\/www.generationsanstabac.org\/fr\/actualites\/tabagisme-tertiaire-ultra-passif-expositions-a-risque-dans-les-lieux-fermes\/","title":{"rendered":"Tabagisme ultra-passif (ou tertiaire), expositions \u00e0 risque dans les lieux ferm\u00e9s"},"content":{"rendered":"<p>Le tabagisme passif ou secondaire est connu ; il r\u00e9sulte de l\u2019exposition d\u2019un non-fumeur \u00e0 l\u2019inhalation de la fum\u00e9e de tabac pr\u00e9sente dans l\u2019air ambiant (provenant \u00e0 la fois de l\u2019extr\u00e9mit\u00e9 allum\u00e9e de la cigarette et de l\u2019air exhal\u00e9 par le fumeur).<\/p>\n<p>Le tabagisme tertiaire ou ultra-passif est moins bien connu ; il r\u00e9sulte de l\u2019inhalation de produits toxiques pr\u00e9sents dans la fum\u00e9e de tabac qui se sont, dans un premier temps, fix\u00e9s sur le corps du fumeur, ses v\u00eatements et les meubles et objets pr\u00e9sents dans le local o\u00f9 il a fum\u00e9, puis qui, dans un deuxi\u00e8me temps, sont rel\u00e2ch\u00e9s dans l\u2019air et peuvent alors \u00eatre inhal\u00e9s.<\/p>\n<p>Des chercheurs de l\u2019Universit\u00e9 de Yale \u00e0 New Haven aux USA et du Max Planck Institute \u00e0 Mayence en Allemagne, viennent de publier dans Science Advances<a href=\"#_ftn1\" name=\"_ftnref1\">[1]<\/a>, une \u00e9tude dans laquelle ils ont quantifi\u00e9 les produits toxiques li\u00e9s \u00e0 la fum\u00e9e de tabac pr\u00e9sents dans l\u2019air \u00e9vacu\u00e9 par le syst\u00e8me de ventilation d\u2019un cin\u00e9ma o\u00f9 il est interdit de fumer et qui est aliment\u00e9 en air frais et filtr\u00e9 provenant de l&rsquo;ext\u00e9rieur. Des particules fines, de nombreux compos\u00e9s organiques volatiles sp\u00e9cifiques de la fum\u00e9e de tabac et de la nicotine \u00e9taient pr\u00e9sents \u00e0 des concentrations \u00e9lev\u00e9es, de l\u2019ordre de celles en rapport avec un tabagisme passif qui r\u00e9sulterait de l\u2019exposition \u00e0 l\u2019inhalation de la fum\u00e9e passive produite par une \u00e0 dix cigarettes. L\u2019entr\u00e9e dans le cin\u00e9ma de chaque nouvelle vague de spectateurs \u00e9tait suivie par une augmentation rapide de la pr\u00e9sence de ces produits toxiques, ce qui confirme que ces produits \u00e9taient pr\u00e9sents sur les corps et les v\u00eatements des fumeurs lorsqu\u2019ils sont entr\u00e9s dans le cin\u00e9ma.<\/p>\n<p>Cette \u00e9tude confirme l\u2019existence du tabagisme tertiaire et sugg\u00e8re que son importance peut \u00eatre plus \u00e9lev\u00e9e dans des espaces plus petits et moins bien ventil\u00e9s, comme les bars, les bureaux et les moyens de transport collectifs. Au total, UK Centre for Tobacco and Alcohol Studies confirment que les fumeurs transportent sur leur peau et leurs v\u00eatements des composants de la fum\u00e9e de tabac qu\u2019ils \u00e9mettent dans l&rsquo;atmosph\u00e8re m\u00eame lorsqu&rsquo;ils ne fument pas. Selon certaines \u00e9tudes, cette exposition au tabagisme ultra-passif, selon les circonstances, compterait pour 5 \u00e0 60 % de l\u2019exposition totale des non-fumeurs aux tabagismes passifs et ultra-passifs combin\u00e9s. (M Sleiman et al, Environ. Sci. Technol. 2014 ; 48 :13093-13101<\/p>\n<p><span style=\"color: #666699;\"><a style=\"color: #666699;\" href=\"https:\/\/www.generationsanstabac.org\/\">\u00a9G\u00e9n\u00e9ration Sans Tabac<\/a><\/span><\/p>\n<hr \/>\n<p><a href=\"#_ftnref1\" name=\"_ftn1\"><strong>[1]<\/strong><\/a> ROGER SHEU, CHRISTOF ST\u00d6NNER, JENNA C. DITTO, THOMAS KL\u00dcPFEL, JONATHAN WILLIAMS, DREW R. GENTNER \u00ab<em> Human transport of thirdhand tobacco smoke: A prominent source of hazardous air pollutants into indoor nonsmoking environments \u00bb <\/em>Science Advences, March, 4 2020, <a href=\"https:\/\/advances.sciencemag.org\/content\/6\/10\/eaay4109\">https:\/\/advances.sciencemag.org\/content\/6\/10\/eaay4109<\/a><\/p>\n<p><span style=\"color: #e8e8e8;\"><a style=\"color: #e8e8e8;\" href=\"http:\/\/www.cnct.fr\/\" target=\"_blank\" rel=\"noopener noreferrer\">| \u00a9Comit\u00e9 National Contre le Tabagisme |<\/a><\/span><\/p>\n","protected":false},"excerpt":{"rendered":"<p>Le tabagisme ultra-passif ou tertiaire est moins bien connu ; il r\u00e9sulte de l\u2019inhalation de produits toxiques pr\u00e9sents dans la fum\u00e9e de tabac<\/p>\n","protected":false},"featured_media":19469,"template":"","tags":[],"thematique":[474],"class_list":["post-19612","actualites","type-actualites","status-publish","has-post-thumbnail","hentry","thematique-sante"],"acf":[],"_links":{"self":[{"href":"https:\/\/www.generationsanstabac.org\/fr\/wp-json\/wp\/v2\/actualites\/19612","targetHints":{"allow":["GET"]}}],"collection":[{"href":"https:\/\/www.generationsanstabac.org\/fr\/wp-json\/wp\/v2\/actualites"}],"about":[{"href":"https:\/\/www.generationsanstabac.org\/fr\/wp-json\/wp\/v2\/types\/actualites"}],"version-history":[{"count":0,"href":"https:\/\/www.generationsanstabac.org\/fr\/wp-json\/wp\/v2\/actualites\/19612\/revisions"}],"wp:featuredmedia":[{"embeddable":true,"href":"https:\/\/www.generationsanstabac.org\/fr\/wp-json\/wp\/v2\/media\/19469"}],"wp:attachment":[{"href":"https:\/\/www.generationsanstabac.org\/fr\/wp-json\/wp\/v2\/media?parent=19612"}],"wp:term":[{"taxonomy":"post_tag","embeddable":true,"href":"https:\/\/www.generationsanstabac.org\/fr\/wp-json\/wp\/v2\/tags?post=19612"},{"taxonomy":"thematique","embeddable":true,"href":"https:\/\/www.generationsanstabac.org\/fr\/wp-json\/wp\/v2\/thematique?post=19612"}],"curies":[{"name":"wp","href":"https:\/\/api.w.org\/{rel}","templated":true}]}}