{"id":19593,"date":"2020-02-26T15:40:09","date_gmt":"2020-02-26T14:40:09","guid":{"rendered":"https:\/\/www.generationsanstabac.org\/actualites\/desc-droits-de-homme-les-droits-economiques-sociaux-culturels-doivent-etre-preserves-de-linterference-de-lindustrie-du-tabac\/"},"modified":"2020-02-26T15:40:09","modified_gmt":"2020-02-26T14:40:09","slug":"desc-droits-de-homme-les-droits-economiques-sociaux-culturels-doivent-etre-preserves-de-linterference-de-lindustrie-du-tabac","status":"publish","type":"actualites","link":"https:\/\/www.generationsanstabac.org\/fr\/actualites\/desc-droits-de-homme-les-droits-economiques-sociaux-culturels-doivent-etre-preserves-de-linterference-de-lindustrie-du-tabac\/","title":{"rendered":"Droits de l\u2019Homme : les droits \u00e9conomiques, sociaux, culturels doivent \u00eatre pr\u00e9serv\u00e9s de l\u2019interf\u00e9rence de l\u2019industrie du tabac."},"content":{"rendered":"<p>Le droit \u00e0 la science et \u00e0 la culture est l&rsquo;un des droits \u00e9conomiques, sociaux et culturels (DESC) partie prenante de la D\u00e9claration universelle des droits de l&rsquo;homme et des documents connexes du droit international des droits de l&rsquo;homme. Il reconna\u00eet que chacun a le droit de participer librement \u00e0 la culture, de participer librement (de participer et de b\u00e9n\u00e9ficier) de la science et de la technologie et de prot\u00e9ger son statut d\u2019auteur.<\/p>\n<p>L\u2019article 15 du <a href=\"https:\/\/www.ohchr.org\/FR\/ProfessionalInterest\/Pages\/CESCR.aspx\">Pacte international relatif aux droits \u00e9conomiques, sociaux et culturels<\/a> (DESC) dispose que \u00ab<em>la science est un outil extraordinairement puissant pour faire avancer le d\u00e9veloppement humain et promouvoir la jouissance des droits \u00e9conomiques, sociaux et culturels \u00bb. <\/em><\/p>\n<p>L\u2019organisation <a href=\"https:\/\/ash.org\/\">Action for Smoking and Health<\/a>, ASH Washington, membre actif de l\u2019Alliance pour la convention cadre et soutenue par une vingtaine d\u2019organisations de sant\u00e9 souhaite \u00e9galement ajouter que la science et la technologie peuvent \u00e9galement \u00eatre falsifi\u00e9es ou manipul\u00e9es pour le b\u00e9n\u00e9fice d\u2019entreprises.<\/p>\n<p>\u00ab <em>Certains  d\u00e9veloppements de la science et de la technologie peuvent parfois avoir un impact n\u00e9gatif sur la jouissance des droits \u00e9conomiques, sociaux et culturels<\/em> <em>par exemple lorsqu&rsquo;ils sont mis au service de la guerre et de la destruction ou lorsqu&rsquo;ils entra\u00eenent de nouveaux risques pour la sant\u00e9 ou l&rsquo;environnement.<\/em> \u00bb<\/p>\n<p>Il existe une documentation compl\u00e8te sur le travail des organisations ou des groupes de fa\u00e7ade cr\u00e9\u00e9s par ou associ\u00e9s \u00e0 l&rsquo;industrie du tabac et sur les initiatives entreprises par l&rsquo;industrie, dont le but est d&rsquo;utiliser d\u00e9lib\u00e9r\u00e9ment la science ou la pseudoscience pour contrecarrer une analyse scientifique l\u00e9gitime sur le pr\u00e9judice caus\u00e9 par le tabac.<\/p>\n<p>Cette manipulation se poursuit avec la nouvelle \u00ab Fondation pour un monde sans fum\u00e9e \u00bb.  En septembre 2017, Philip Morris International, a cr\u00e9\u00e9 la \u00ab Fondation pour un monde sans fum\u00e9e \u00bb, avec pr\u00e8s d&rsquo;un milliard de dollars de financement sur 12 ans. La Fondation pr\u00e9tend \u00eatre un organisme scientifique ind\u00e9pendant visant \u00e0 \u00ab acc\u00e9l\u00e9rer l&rsquo;arr\u00eat du tabagisme \u00bb. Pourtant, la controverse entoure la Fondation depuis sa cr\u00e9ation ; ses revendications de l\u00e9gitimit\u00e9 et d&rsquo;ind\u00e9pendance ont \u00e9t\u00e9 fortement contest\u00e9es.<\/p>\n<p>Les directives de <a href=\"https:\/\/apps.who.int\/iris\/bitstream\/handle\/10665\/42812\/9242591017.pdf;jsessionid=FE0E948E1A7621DF6FFB28CD22ECD2F4?sequence=1\">l\u2019Article 5.3 de la CCLAT<\/a> r\u00e9unissent des mesures fond\u00e9es sur les bonnes pratiques afin d\u2019aider les pays \u00e0 atteindre cet objectif de protection des politiques publiques. Elles pr\u00e9voient notamment que les Parties devraient \u00ab <em>exiger que les informations fournies par l\u2019industrie du tabac soient transparentes et exactes<\/em> \u00bb.<\/p>\n<p>Cette exigence devrait \u00e9galement \u00eatre partie prenante des textes en discussion au sein Comit\u00e9 des droits \u00e9conomiques, sociaux et culturels, selon les termes suivants.<\/p>\n<p class=\"Corps\" style=\"text-align: justify;\"><a href=\"https:\/\/www.generationsanstabac.org\/wp-content\/uploads\/2020\/02\/Pour-lire-le-document-complet-traduit-en-fran\u00e7ais-1.pdf\">Pour lire le document complet (traduit en fran\u00e7ais)<\/a><\/p>\n<p class=\"Corps\" style=\"text-align: justify;\"><a href=\"https:\/\/www.generationsanstabac.org\/wp-content\/uploads\/2020\/02\/Document-original-en-anglais.pdf\">Document original (en anglais)<\/a><\/p>\n<p><span style=\"color: #666699;\"><a style=\"color: #666699;\" href=\"https:\/\/www.generationsanstabac.org\/\">\u00a9G\u00e9n\u00e9ration Sans Tabac<\/a><\/span><\/p>\n<hr \/>\n<p><span style=\"color: #e8e8e8;\"><a style=\"color: #e8e8e8;\" href=\"http:\/\/www.cnct.fr\/\" target=\"_blank\" rel=\"noopener noreferrer\">| \u00a9Comit\u00e9 National Contre le Tabagisme |<\/a><\/span><\/p>\n","protected":false},"excerpt":{"rendered":"<p>Le droit \u00e0 la science et \u00e0 la culture est l&rsquo;un des droits \u00e9conomiques, sociaux et culturels (DESC) partie prenante de la D\u00e9claration universelle<\/p>\n","protected":false},"featured_media":14989,"template":"","tags":[],"thematique":[491],"class_list":["post-19593","actualites","type-actualites","status-publish","has-post-thumbnail","hentry","thematique-politiques-publiques"],"acf":[],"_links":{"self":[{"href":"https:\/\/www.generationsanstabac.org\/fr\/wp-json\/wp\/v2\/actualites\/19593","targetHints":{"allow":["GET"]}}],"collection":[{"href":"https:\/\/www.generationsanstabac.org\/fr\/wp-json\/wp\/v2\/actualites"}],"about":[{"href":"https:\/\/www.generationsanstabac.org\/fr\/wp-json\/wp\/v2\/types\/actualites"}],"version-history":[{"count":0,"href":"https:\/\/www.generationsanstabac.org\/fr\/wp-json\/wp\/v2\/actualites\/19593\/revisions"}],"wp:featuredmedia":[{"embeddable":true,"href":"https:\/\/www.generationsanstabac.org\/fr\/wp-json\/wp\/v2\/media\/14989"}],"wp:attachment":[{"href":"https:\/\/www.generationsanstabac.org\/fr\/wp-json\/wp\/v2\/media?parent=19593"}],"wp:term":[{"taxonomy":"post_tag","embeddable":true,"href":"https:\/\/www.generationsanstabac.org\/fr\/wp-json\/wp\/v2\/tags?post=19593"},{"taxonomy":"thematique","embeddable":true,"href":"https:\/\/www.generationsanstabac.org\/fr\/wp-json\/wp\/v2\/thematique?post=19593"}],"curies":[{"name":"wp","href":"https:\/\/api.w.org\/{rel}","templated":true}]}}