{"id":19583,"date":"2020-02-19T11:28:52","date_gmt":"2020-02-19T10:28:52","guid":{"rendered":"https:\/\/www.generationsanstabac.org\/actualites\/region-europeenne-de-l-oms-tabac-un-tiers-deces-cancer\/"},"modified":"2020-02-19T11:28:52","modified_gmt":"2020-02-19T10:28:52","slug":"region-europeenne-de-l-oms-tabac-un-tiers-deces-cancer","status":"publish","type":"actualites","link":"https:\/\/www.generationsanstabac.org\/fr\/actualites\/region-europeenne-de-l-oms-tabac-un-tiers-deces-cancer\/","title":{"rendered":"Le tabac cause pr\u00e8s d&rsquo;un tiers des d\u00e9c\u00e8s par cancer dans la R\u00e9gion europ\u00e9enne de l&rsquo;OMS"},"content":{"rendered":"<p>Avec 9,6 millions de d\u00e9c\u00e8s en 2018, le cancer est la deuxi\u00e8me cause de d\u00e9c\u00e8s dans le monde<a href=\"#_ftn1\" name=\"_ftnref1\">[1]<\/a>. Bien qu&rsquo;il soit caus\u00e9 par de multiples facteurs de risque, le tabagisme, est responsable de 25% de tous les d\u00e9c\u00e8s par cancer dans le monde. Il est li\u00e9 \u00e0 au moins 17 types de cancer<a href=\"#_ftn2\" name=\"_ftnref2\">[2]<\/a>. En 2018, 27% de tous les cancers dans la R\u00e9gion europ\u00e9enne<a href=\"#_ftn3\" name=\"_ftnref3\">[3]<\/a> de l&rsquo;OMS \u00e9taient attribu\u00e9s au tabagisme. Le fardeau du cancer continue de cro\u00eetre dans le monde entier.<\/p>\n<p>\u00ab<em>\u00c0 l&rsquo;\u00e9chelle mondiale, chaque ann\u00e9e 2,4 millions de d\u00e9c\u00e8s par cancer sont dus \u00e0 la consommation de produits du tabac.<\/em>\u00bb &#8211; Rapport de l&rsquo;OMS sur le cancer, 2020.<\/p>\n<p>Le cancer du poumon est le cancer le plus courant, avec l&rsquo;un des taux de survie les plus bas. 85% des d\u00e9c\u00e8s par cancer du poumon \u00e9taient attribuables au tabagisme en 2018 dans la R\u00e9gion europ\u00e9enne de l&rsquo;OMS. La bonne nouvelle est que le cancer du poumon est en grande partie \u00e9vitable et pr\u00e8s de neuf cancers du poumon sur dix peuvent \u00eatre \u00e9vit\u00e9s si les fumeurs actuels cessent de fumer. Ceci signifie que la lutte antitabac repr\u00e9sente une priorit\u00e9 dans les strat\u00e9gies de r\u00e9duction des facteurs de risque du cancer.<\/p>\n<p>Le 4 f\u00e9vrier 2020, l&rsquo;OMS et le Centre international de recherche sur le cancer ont publi\u00e9 deux rapports :<\/p>\n<ul>\n<li><a href=\"https:\/\/www.who.int\/publications-detail\/who-report-on-cancer-setting-priorities-investing-wisely-and-providing-care-for-all\">Le rapport de l&rsquo;OMS sur le cancer: fixer des priorit\u00e9s, investir judicieusement et prodiguer des soins \u00e0 tous<\/a> (en anglais)<\/li>\n<li><a href=\"http:\/\/publications.iarc.fr\/586\">Le Rapport mondial sur le cancer: Recherche sur le cancer pour la pr\u00e9vention du cancer<\/a> (en anglais)<\/li>\n<\/ul>\n<p>Les rapports mettent en \u00e9vidence un large \u00e9ventail d&rsquo;interventions qui ont fait leurs preuves pour pr\u00e9venir de nouveaux cas de cancer. L&rsquo;une des priorit\u00e9s fix\u00e9es dans les rapports est de \u00abrenforcer la lutte antitabac pour r\u00e9duire de 25% les d\u00e9c\u00e8s par cancer\u00bb gr\u00e2ce \u00e0 la mise en \u0153uvre des \u00ab bonnes pratiques \u00bb<a href=\"#_ftn4\" name=\"_ftnref4\">[4]<\/a> de l&rsquo;OMS de lutte contre les maladies non-transmissibles (MNT)<\/p>\n<p><span style=\"color: #666699;\"><a style=\"color: #666699;\" href=\"https:\/\/www.generationsanstabac.org\/\">\u00a9G\u00e9n\u00e9ration Sans Tabac<\/a><\/span><\/p>\n<hr \/>\n<hr \/>\n<p><em><a href=\"#_ftnref1\" name=\"_ftn1\">[1]<\/a> <a href=\"http:\/\/www.euro.who.int\/__data\/assets\/pdf_file\/0009\/402777\/Tobacco-Trends-Report-ENG-WEB.pdf?ua=1\">http:\/\/www.euro.who.int\/__data\/assets\/pdf_file\/0009\/402777\/Tobacco-Trends-Report-ENG-WEB.pdf?ua=1<\/a><\/em><\/p>\n<p><em><a href=\"#_ftnref2\" name=\"_ftn2\">[2]<\/a> <a href=\"https:\/\/www.fondation-arc.org\/facteurs-risque-cancer\/tabac\">https:\/\/www.fondation-arc.org\/facteurs-risque-cancer\/tabac<\/a><\/em><\/p>\n<p><em><a href=\"#_ftnref3\" name=\"_ftn3\">[3]<\/a>  <a href=\"https:\/\/www.who.int\/about\/regions\/euro\/fr\/\">https:\/\/www.who.int\/about\/regions\/euro\/fr\/<\/a><\/em><\/p>\n<p><em><a href=\"#_ftnref4\" name=\"_ftn4\">[4]<\/a> <a href=\"https:\/\/www.who.int\/ncds\/management\/best-buys\/fr\/\">https:\/\/www.who.int\/ncds\/management\/best-buys\/fr\/<\/a><\/em><\/p>\n<p><span style=\"color: #e8e8e8;\"><a style=\"color: #e8e8e8;\" href=\"http:\/\/www.cnct.fr\/\" target=\"_blank\" rel=\"noopener noreferrer\">| \u00a9Comit\u00e9 National Contre le Tabagisme |<\/a><\/span><\/p>\n","protected":false},"excerpt":{"rendered":"<p>85% des d\u00e9c\u00e8s par cancer du poumon \u00e9taient attribuables au tabagisme durant l&rsquo;ann\u00e9e 2018 dans la R\u00e9gion europ\u00e9enne de l&rsquo;OMS.<\/p>\n","protected":false},"featured_media":9730,"template":"","tags":[],"thematique":[474],"class_list":["post-19583","actualites","type-actualites","status-publish","has-post-thumbnail","hentry","thematique-sante"],"acf":[],"_links":{"self":[{"href":"https:\/\/www.generationsanstabac.org\/fr\/wp-json\/wp\/v2\/actualites\/19583","targetHints":{"allow":["GET"]}}],"collection":[{"href":"https:\/\/www.generationsanstabac.org\/fr\/wp-json\/wp\/v2\/actualites"}],"about":[{"href":"https:\/\/www.generationsanstabac.org\/fr\/wp-json\/wp\/v2\/types\/actualites"}],"version-history":[{"count":0,"href":"https:\/\/www.generationsanstabac.org\/fr\/wp-json\/wp\/v2\/actualites\/19583\/revisions"}],"wp:featuredmedia":[{"embeddable":true,"href":"https:\/\/www.generationsanstabac.org\/fr\/wp-json\/wp\/v2\/media\/9730"}],"wp:attachment":[{"href":"https:\/\/www.generationsanstabac.org\/fr\/wp-json\/wp\/v2\/media?parent=19583"}],"wp:term":[{"taxonomy":"post_tag","embeddable":true,"href":"https:\/\/www.generationsanstabac.org\/fr\/wp-json\/wp\/v2\/tags?post=19583"},{"taxonomy":"thematique","embeddable":true,"href":"https:\/\/www.generationsanstabac.org\/fr\/wp-json\/wp\/v2\/thematique?post=19583"}],"curies":[{"name":"wp","href":"https:\/\/api.w.org\/{rel}","templated":true}]}}