{"id":19575,"date":"2020-02-14T15:28:31","date_gmt":"2020-02-14T14:28:31","guid":{"rendered":"https:\/\/www.generationsanstabac.org\/actualites\/fiscalite-combattre-mythes-repandus-par-lindustrie-du-tabac\/"},"modified":"2020-02-14T15:28:31","modified_gmt":"2020-02-14T14:28:31","slug":"fiscalite-combattre-mythes-repandus-par-lindustrie-du-tabac","status":"publish","type":"actualites","link":"https:\/\/www.generationsanstabac.org\/fr\/actualites\/fiscalite-combattre-mythes-repandus-par-lindustrie-du-tabac\/","title":{"rendered":"Fiscalit\u00e9 : combattre les mythes r\u00e9pandus par l&rsquo;industrie du tabac"},"content":{"rendered":"<p style=\"text-align: justify;\">L&rsquo;industrie du tabac essaie de bloquer les discussions sur les augmentations de taxes dans de nombreux pays en utilisant des mythes, des  arguments faux ou en exag\u00e9rant l&rsquo;impact escompt\u00e9. Par exemple :<\/p>\n<ul style=\"text-align: justify;\">\n<li>\n<h3><span style=\"color: #800080;\"><strong>Mythe n\u00b01 : L\u2019augmentation des taxes sur le tabac entra\u00eenerait une augmentation du commerce illicite<\/strong><\/span><\/h3>\n<\/li>\n<\/ul>\n<p style=\"text-align: justify;\">Les facteurs qui contribuent au commerce illicite sont complexes. Cependant, contrairement aux affirmations de l&rsquo;industrie du tabac, les taxes et les prix n&rsquo;ont qu&rsquo;un impact limit\u00e9 sur le commerce illicite de ces produits. Le march\u00e9 des cigarettes illicites est plus important dans les pays o\u00f9 les taxes et les prix sont bas, tandis qu&rsquo;il est relativement plus faible dans les pays o\u00f9 les taxes et les prix des cigarettes sont plus \u00e9lev\u00e9s[1]. Les cigarettes de contrebande sont des cigarettes qui sortent des usines des fabricants mais qui sortent du circuit l\u00e9gal de distribution pour \u00e9chapper aux taxes. D\u2019autres facteurs que les prix jouent un r\u00f4le beaucoup plus important : un cadre r\u00e9glementaire faible, l\u2019absence de contr\u00f4les, l\u2019existence d\u2019une corruption end\u00e9mique etc.<\/p>\n<p style=\"text-align: justify;\"><strong>Recommandations :<\/strong> La lutte contre le commerce illicite des produits du tabac fait partie int\u00e9grante de toute politique de r\u00e9duction de la consommation de tabac. Contr\u00f4ler la cha\u00eene d\u2019approvisionnement de la fabrication \u00e0 la vente au d\u00e9tail et pr\u00e9voir notamment que le suivi et la tra\u00e7abilit\u00e9 des produits soient confi\u00e9s \u00e0 des organisations ind\u00e9pendantes directement et indirectement de l\u2019industrie du tabac constituent des mesures indispensables. Le protocole de lutte contre le commerce illicite des produits du tabac a \u00e9t\u00e9 ratifi\u00e9 par la France et l\u2019Union Europ\u00e9enne. Il est entr\u00e9 en vigueur en septembre 2018. Ce texte pr\u00e9voit un tel dispositif ainsi qu\u2019une coop\u00e9ration internationale et le renforcement de sanctions. Les dispositions en vigueur actuellement avec le syst\u00e8me europ\u00e9en ne sont pas conformes aux exigences requises ce qui n\u00e9cessite de r\u00e9viser l\u2019actuelle directive europ\u00e9enne sur les produits du tabac.<\/p>\n<ul style=\"text-align: justify;\">\n<li>\n<h3><span style=\"color: #800080;\"><strong>Mythe n\u00b02 : <\/strong><\/span><span style=\"color: #800080;\"><strong>La hausse des taxes rapporterait un \u00ab pactole \u00bb \u00e0 l\u2019Etat<\/strong><\/span><\/h3>\n<\/li>\n<\/ul>\n<p style=\"text-align: justify;\">Non. Contrairement aux id\u00e9es re\u00e7ues, le tabac ne \u201crapporte\u201d pas, mais induit un co\u00fbt extr\u00eamement \u00e9lev\u00e9 \u00e0 la collectivit\u00e9 et aux finances publiques. En effet, m\u00eame en prenant en compte les taxes qui en tant que telles ne cr\u00e9ent aucune richesse mais sont de simples pr\u00e9l\u00e8vements, ainsi que les retraites non vers\u00e9es du fait de la mort pr\u00e9matur\u00e9e des fumeurs, le co\u00fbt net du tabagisme en 2010 en France aggrave chaque jour le montant des d\u00e9ficits publics de 40 millions d\u2019Euros<a href=\"#_ftn1\" name=\"_ftnref1\">[2]<\/a>.<\/p>\n<p style=\"text-align: justify;\">D\u2019une mani\u00e8re g\u00e9n\u00e9rale, les d\u00e9g\u00e2ts caus\u00e9s par le tabac ne sont pas uniquement support\u00e9s par ses consommateurs, mais aussi par le reste de la soci\u00e9t\u00e9, en raison du tabagisme passif, des co\u00fbts sanitaires, mais \u00e9galement de l\u2019aggravation des dommages environnementaux et de l\u2019atteinte au d\u00e9veloppement durable.<\/p>\n<ul style=\"text-align: justify;\">\n<li>\n<h3><span style=\"color: #800080;\"><strong>Mythe n\u00b03 : <\/strong><\/span><span style=\"color: #800080;\"><strong>Les taxes sur le tabac aggraveraient les in\u00e9galit\u00e9s sociales <\/strong><\/span><\/h3>\n<\/li>\n<\/ul>\n<p style=\"text-align: justify;\">En r\u00e9alit\u00e9, les personnes \u00e0 faibles revenus \u00e9tant plus sensibles aux augmentations des prix, la hausse des taxes sur le tabac r\u00e9duit la consommation de ce produit davantage au sein de ce groupe<a href=\"file:\/\/\/C:\/Users\/commu\/Downloads\/handbook14.pdf\">[3]<\/a>, avec pour cons\u00e9quence ultime une am\u00e9lioration de la sant\u00e9 de ses membres, tout en leur permettant de r\u00e9affecter les revenus ainsi disponibles \u00e0 d\u2019autres produits ou services essentiels : nourriture, logement, \u00e9ducation et soins de sant\u00e9.<\/p>\n<p style=\"text-align: justify;\">Les taxes sur le tabac sont \u00e9galement particuli\u00e8rement efficaces pour pr\u00e9venir ou r\u00e9duire le tabagisme chez les jeunes qui ne disposent g\u00e9n\u00e9ralement pas de revenus importants. Un prix \u00e9lev\u00e9 les dissuade de commencer ou leur permet de r\u00e9duire voire d\u2019arr\u00eater leur consommation.<\/p>\n<p style=\"text-align: justify;\">Ainsi le tabagisme est aujourd\u2019hui un marqueur social car ce sont essentiellement les plus d\u00e9munis qui fument. En revanche, les politiques de lutte contre le tabagisme, en particulier par le biais des augmentations de taxes, prise en charge des traitements etc. contribuent amplement \u00e0 r\u00e9duire les in\u00e9galit\u00e9s sociales en mati\u00e8re de sant\u00e9.<\/p>\n<p><span style=\"color: #666699;\"><a style=\"color: #666699;\" href=\"https:\/\/www.generationsanstabac.org\/\">\u00a9G\u00e9n\u00e9ration Sans Tabac<\/a><\/span><\/p>\n<hr \/>\n<p><a href=\"#_ftn1\" name=\"_ftnref1\">[1] <span class=\"highwire-citation-authors\"><span class=\"highwire-citation-author first\" data-delta=\"0\"><span class=\"nlm-surname\">Smith<\/span> KE<\/span>, <span class=\"highwire-citation-author\" data-delta=\"1\"><span class=\"nlm-surname\">Savell<\/span> E<\/span>, <span class=\"highwire-citation-author\" data-delta=\"2\"><span class=\"nlm-surname\">Gilmore<\/span> AB <\/span><\/span>What is known about tobacco industry efforts to influence tobacco tax? A systematic review of empirical studies <span class=\"highwire-cite-metadata-journal highwire-cite-metadata\">Tobacco Control <\/span><span class=\"highwire-cite-metadata-year highwire-cite-metadata\">2013;<\/span><span class=\"highwire-cite-metadata-volume highwire-cite-metadata\">22:<\/span><span class=\"highwire-cite-metadata-pages highwire-cite-metadata\">e1.<\/span><\/a><\/p>\n<p><a href=\"#_ftnref1\" name=\"_ftn1\">[2]<\/a> <em>Le co\u00fbt social des drogues en France, 2015, Pierre Kopp,<\/em><em> <\/em><a href=\"http:\/\/www.ofdt.fr\/publications\/collections\/notes\/le-cout-social-des-drogues-en-france\/\">http:\/\/www.ofdt.fr\/publications\/collections\/notes\/le-cout-social-des-drogues-en-france\/<\/a><\/p>\n<p><a href=\"file:\/\/\/C:\/Users\/commu\/Downloads\/handbook14.pdf\">[3] <\/a>IARC handbooks of cancer prevention, Effectiveness of tax and price policies for tobacco control, Tobacco control. Centre international de recherche sur le cancer, 2011 Volume 14. Lyon, France,<\/p>\n<div class=\"entry-content\">\n<p><span style=\"color: #e8e8e8;\"><a style=\"color: #e8e8e8;\" href=\"http:\/\/www.cnct.fr\/\" target=\"_blank\" rel=\"noopener noreferrer\">| \u00a9Comit\u00e9 National Contre le Tabagisme |<\/a><\/span><\/p>\n<\/div>\n<div class=\"date-wrapper\">\n<div class=\"grid-container\"><\/div>\n<\/div>\n","protected":false},"excerpt":{"rendered":"<p>L&rsquo;industrie du tabac essaie de bloquer les discussions sur les augmentations de taxes en utilisant des mythes ou en exag\u00e9rant l&rsquo;impact escompt\u00e9<\/p>\n","protected":false},"featured_media":19474,"template":"","tags":[],"thematique":[538,491],"class_list":["post-19575","actualites","type-actualites","status-publish","has-post-thumbnail","hentry","thematique-marches-paralleles","thematique-politiques-publiques"],"acf":[],"_links":{"self":[{"href":"https:\/\/www.generationsanstabac.org\/fr\/wp-json\/wp\/v2\/actualites\/19575","targetHints":{"allow":["GET"]}}],"collection":[{"href":"https:\/\/www.generationsanstabac.org\/fr\/wp-json\/wp\/v2\/actualites"}],"about":[{"href":"https:\/\/www.generationsanstabac.org\/fr\/wp-json\/wp\/v2\/types\/actualites"}],"version-history":[{"count":0,"href":"https:\/\/www.generationsanstabac.org\/fr\/wp-json\/wp\/v2\/actualites\/19575\/revisions"}],"wp:featuredmedia":[{"embeddable":true,"href":"https:\/\/www.generationsanstabac.org\/fr\/wp-json\/wp\/v2\/media\/19474"}],"wp:attachment":[{"href":"https:\/\/www.generationsanstabac.org\/fr\/wp-json\/wp\/v2\/media?parent=19575"}],"wp:term":[{"taxonomy":"post_tag","embeddable":true,"href":"https:\/\/www.generationsanstabac.org\/fr\/wp-json\/wp\/v2\/tags?post=19575"},{"taxonomy":"thematique","embeddable":true,"href":"https:\/\/www.generationsanstabac.org\/fr\/wp-json\/wp\/v2\/thematique?post=19575"}],"curies":[{"name":"wp","href":"https:\/\/api.w.org\/{rel}","templated":true}]}}