{"id":19568,"date":"2020-02-10T15:50:17","date_gmt":"2020-02-10T14:50:17","guid":{"rendered":"https:\/\/www.generationsanstabac.org\/actualites\/larret-du-tabac-permet-la-multiplication-de-cellules-bronchiques-saines\/"},"modified":"2020-02-10T15:50:17","modified_gmt":"2020-02-10T14:50:17","slug":"larret-du-tabac-permet-la-multiplication-de-cellules-bronchiques-saines","status":"publish","type":"actualites","link":"https:\/\/www.generationsanstabac.org\/fr\/actualites\/larret-du-tabac-permet-la-multiplication-de-cellules-bronchiques-saines\/","title":{"rendered":"L\u2019arr\u00eat du tabac permet la multiplication de cellules bronchiques saines"},"content":{"rendered":"<p><strong> <\/strong>Des chercheurs du Wellcome Trust Sanger Institute et de l\u2019University College London, au Royaume Uni, rapportent dans un article publi\u00e9 le 29 janvier 2020 dans la revue Nature que l\u2019inhalation de la fum\u00e9e de tabac contribue \u00e0 ajouter aux mutations spontan\u00e9es  1 000 \u00e0 10 000 nouvelles mutations (dont plus d\u2019un quart potentiellement canc\u00e9rog\u00e8nes) par cellule bronchique. Or ces mutations, qui peuvent \u00eatre de diff\u00e9rentes natures, sont directement \u00e0 l\u2019origine de la survenue des cancers bronchiques\/du poumon qui sont la premi\u00e8re cause de mort par cancer due au tabac.<\/p>\n<p>La bonne nouvelle concerne les fumeurs qui ont arr\u00eat\u00e9, car le nombre de mutations observ\u00e9es dans leurs cellules bronchiques revient progressivement identique \u00e0 celui observ\u00e9 au niveau des cellules bronchiques de jamais-fumeurs, ce qui se traduit \u00e0 terme par une r\u00e9duction du risque de d\u00e9velopper un cancer. Ainsi, progressivement le rev\u00eatement \u00e9pith\u00e9lial des bronches redevient \u00ab sain \u00bb. Cette repopulation se fait, vraisemblablement, \u00e0 partir de cellules ayant \u00e9chapp\u00e9 aux dommages g\u00e9n\u00e9tiques li\u00e9s \u00e0 la fum\u00e9e de tabac observ\u00e9s chez leurs voisines, ces cellules \u00ab saines \u00bb \u00e9tant quatre fois plus fr\u00e9quentes chez les ex-fumeurs que chez les fumeurs.<\/p>\n<p>Ces r\u00e9sultats expliquent, au moins en partie, pourquoi l\u2019arr\u00eat du tabac est efficace \u00e0 tout \u00e2ge pour pr\u00e9venir  la survenue d\u2019un cancer bronchique. Par contre, ceux-ci ne pr\u00e9jugent pas de l\u2019\u00e9volution des autres maladies respiratoires li\u00e9es au tabac que sont les broncho-pneumopathies chroniques obstructives, soit l\u2019emphys\u00e8me et la bronchite chronique.<\/p>\n<p><span style=\"color: #666699;\"><a style=\"color: #666699;\" href=\"https:\/\/www.generationsanstabac.org\/\">\u00a9G\u00e9n\u00e9ration Sans Tabac<\/a><\/span><\/p>\n<hr \/>\n<div class=\"entry-content\">\n<p><span style=\"color: #e8e8e8;\"><a style=\"color: #e8e8e8;\" href=\"http:\/\/www.cnct.fr\/\" target=\"_blank\" rel=\"noopener noreferrer\">| \u00a9Comit\u00e9 National Contre le Tabagisme |<\/a><\/span><\/p>\n<\/div>\n<div class=\"date-wrapper\">\n<div class=\"grid-container\"><\/div>\n<\/div>\n","protected":false},"excerpt":{"rendered":"<p>le nombre de mutations observ\u00e9es dans leurs cellules bronchiques revient progressivement identique \u00e0 celui observ\u00e9 au niveau de jamais-fumeurs<\/p>\n","protected":false},"featured_media":19480,"template":"","tags":[],"thematique":[474],"class_list":["post-19568","actualites","type-actualites","status-publish","has-post-thumbnail","hentry","thematique-sante"],"acf":[],"_links":{"self":[{"href":"https:\/\/www.generationsanstabac.org\/fr\/wp-json\/wp\/v2\/actualites\/19568","targetHints":{"allow":["GET"]}}],"collection":[{"href":"https:\/\/www.generationsanstabac.org\/fr\/wp-json\/wp\/v2\/actualites"}],"about":[{"href":"https:\/\/www.generationsanstabac.org\/fr\/wp-json\/wp\/v2\/types\/actualites"}],"version-history":[{"count":0,"href":"https:\/\/www.generationsanstabac.org\/fr\/wp-json\/wp\/v2\/actualites\/19568\/revisions"}],"wp:featuredmedia":[{"embeddable":true,"href":"https:\/\/www.generationsanstabac.org\/fr\/wp-json\/wp\/v2\/media\/19480"}],"wp:attachment":[{"href":"https:\/\/www.generationsanstabac.org\/fr\/wp-json\/wp\/v2\/media?parent=19568"}],"wp:term":[{"taxonomy":"post_tag","embeddable":true,"href":"https:\/\/www.generationsanstabac.org\/fr\/wp-json\/wp\/v2\/tags?post=19568"},{"taxonomy":"thematique","embeddable":true,"href":"https:\/\/www.generationsanstabac.org\/fr\/wp-json\/wp\/v2\/thematique?post=19568"}],"curies":[{"name":"wp","href":"https:\/\/api.w.org\/{rel}","templated":true}]}}