{"id":19567,"date":"2020-02-07T12:14:16","date_gmt":"2020-02-07T11:14:16","guid":{"rendered":"https:\/\/www.generationsanstabac.org\/actualites\/sante-publique-france-lexposition-au-tabagisme-passif-au-domicile\/"},"modified":"2020-02-07T12:14:16","modified_gmt":"2020-02-07T11:14:16","slug":"sante-publique-france-lexposition-au-tabagisme-passif-au-domicile","status":"publish","type":"actualites","link":"https:\/\/www.generationsanstabac.org\/fr\/actualites\/sante-publique-france-lexposition-au-tabagisme-passif-au-domicile\/","title":{"rendered":"Sant\u00e9 publique France : l&rsquo;exposition au tabagisme passif au domicile"},"content":{"rendered":"<p>Selon une nouvelle \u00e9tude publi\u00e9e par Sant\u00e9 Publique France, la part des individus entre 18 et 75 ans qui fument \u00e0 domicile a diminu\u00e9 de dix points depuis 2014<a href=\"#_ftn1\" name=\"_ftnref1\">[1]<\/a>. L\u2019organisation comptait alors 52% de fumeurs \u00e0 domicile tandis qu\u2019elle n\u2019en rel\u00e8ve plus que 37,9% en 2018.<\/p>\n<p>Cette diminution s\u2019explique principalement par l\u2019\u00e9volution de la fr\u00e9quence du tabagisme dans le domicile. La consommation de tabac quotidienne dans le lieu d\u2019habitation se r\u00e9duit et devient plus ponctuelle. Ce ph\u00e9nom\u00e8ne contribue ainsi \u00e0 prot\u00e9ger un nombre croissant de jeunes de la fum\u00e9e de tabac : la fr\u00e9quence du tabagisme \u00e0 domicile en pr\u00e9sence d\u2019un enfant \u00e0 \u00e9t\u00e9 divis\u00e9e par deux<a href=\"#_ftn2\" name=\"_ftnref2\">[2]<\/a>.<\/p>\n<p>Toutefois, encore 14,4% des fumeurs d\u00e9clarent un tabagisme \u00e0 domicile en pr\u00e9sence d\u2019un enfant de moins de 4 ans. Ce chiffre atteint 23,8% avec des jeunes entre 4 et 18 ans. Face \u00e0 cette situation probl\u00e9matique, les connaissances sur le sujet m\u00e9ritent d\u2019\u00eatre approfondies. En effet, certains \u00e9l\u00e9ments portant sur les conditions de l\u2019exposition ne sont pas connus et ne permettent pas d\u2019analyser pr\u00e9cis\u00e9ment les risques engendr\u00e9s par le ph\u00e9nom\u00e8ne. De plus, les chiffres collect\u00e9s par Sant\u00e9 Publique France s\u2019appuie sur les d\u00e9clarations des sond\u00e9s. Il a \u00e9t\u00e9 montr\u00e9 que les parents fumant en pr\u00e9sence de leurs enfants ont tendance \u00e0 sous-estimer les risques li\u00e9s au tabagisme passif<a href=\"#_ftn3\" name=\"_ftnref3\">[3]<\/a>.<\/p>\n<p>Les fumeurs sont pourtant en grande majorit\u00e9 conscients des risques li\u00e9s \u00e0 l\u2019exposition \u00e0 la fum\u00e9e de tabac. Plus de 90% des fumeurs d\u00e9clarent savoir que le tabagisme passif peut engendrer le cancer du poumon chez les non-fumeurs<a href=\"#_ftn4\" name=\"_ftnref4\">[4]<\/a>.<\/p>\n<p><a href=\"https:\/\/www.generationsanstabac.org\/\"><span style=\"color: #666699;\">\u00a9G\u00e9n\u00e9ration Sans Tabac<\/span><\/a><\/p>\n<hr \/>\n<p><em><a href=\"#_ftnref1\" name=\"_ftn1\">[1]<\/a> Sant\u00e9 Publique France, \u00ab Exposition \u00e0 la fum\u00e9e de tabac sur le lieu de travail et au domicile entre 2014 et 2018 \u00bb, R\u00e9sultats du barom\u00e8tre de sant\u00e9 publique France, 2020<\/em><\/p>\n<p><em><a href=\"#_ftnref2\" name=\"_ftn2\">[2]<\/a> Entre 2014 et 2018 : de 31.6% \u00e0 14.4% en pr\u00e9sence d\u2019un enfant de moins de 4 ans, et de 48,5% \u00e0 23,8% en pr\u00e9sence d\u2019un enfant de 4 \u00e0 18 ans.<\/em><\/p>\n<p><em><a href=\"#_ftnref3\" name=\"_ftn3\">[3]<\/a> Myers, Vicki, Shoshana Shiloh, et Laura Rosen. \u00ab Parental Perceptions of Children\u2019s Exposure to Tobacco Smoke: Development and Validation of a New Measure \u00bb. BMC Public Health 18, n<sup>o<\/sup> 1 (d\u00e9cembre 2018): 1031. <a href=\"https:\/\/doi.org\/10.1186\/s12889-018-5928-1\">https:\/\/doi.org\/10.1186\/s12889-018-5928-1<\/a>. <\/em><\/p>\n<p><em><a href=\"#_ftnref4\" name=\"_ftn4\">[4]<\/a> Projet ITC. Rapport national ITC France. R\u00e9sultat des vagues 1\u00e0 3 de l\u2019enqu\u00eate (2006-2012) : Waterloo : University of Waterloo ; Saint Maurice : Sant\u00e9 Publique France ; Boulogne-Billancourt : institut national du cancer, 2015.<\/em><\/p>\n<p><a href=\"http:\/\/dnf.asso.fr\/\" target=\"_blank\" rel=\"noopener noreferrer\"><span style=\"color: #e8e8e8;\">|| \u00a9DNF Pour un monde Z\u00e9ro Tabac<\/span><\/a><\/p>\n","protected":false},"excerpt":{"rendered":"<p>Selon une nouvelle \u00e9tude de Sant\u00e9 Publique France, la part des individus entre 18 et 75 ans qui fument \u00e0 domicile a diminu\u00e9 de dix points depuis 2014<\/p>\n","protected":false},"featured_media":9891,"template":"","tags":[],"thematique":[474],"class_list":["post-19567","actualites","type-actualites","status-publish","has-post-thumbnail","hentry","thematique-sante"],"acf":[],"_links":{"self":[{"href":"https:\/\/www.generationsanstabac.org\/fr\/wp-json\/wp\/v2\/actualites\/19567","targetHints":{"allow":["GET"]}}],"collection":[{"href":"https:\/\/www.generationsanstabac.org\/fr\/wp-json\/wp\/v2\/actualites"}],"about":[{"href":"https:\/\/www.generationsanstabac.org\/fr\/wp-json\/wp\/v2\/types\/actualites"}],"version-history":[{"count":0,"href":"https:\/\/www.generationsanstabac.org\/fr\/wp-json\/wp\/v2\/actualites\/19567\/revisions"}],"wp:featuredmedia":[{"embeddable":true,"href":"https:\/\/www.generationsanstabac.org\/fr\/wp-json\/wp\/v2\/media\/9891"}],"wp:attachment":[{"href":"https:\/\/www.generationsanstabac.org\/fr\/wp-json\/wp\/v2\/media?parent=19567"}],"wp:term":[{"taxonomy":"post_tag","embeddable":true,"href":"https:\/\/www.generationsanstabac.org\/fr\/wp-json\/wp\/v2\/tags?post=19567"},{"taxonomy":"thematique","embeddable":true,"href":"https:\/\/www.generationsanstabac.org\/fr\/wp-json\/wp\/v2\/thematique?post=19567"}],"curies":[{"name":"wp","href":"https:\/\/api.w.org\/{rel}","templated":true}]}}