{"id":19566,"date":"2020-02-07T10:53:14","date_gmt":"2020-02-07T09:53:14","guid":{"rendered":"https:\/\/www.generationsanstabac.org\/actualites\/lexposition-a-la-fumee-de-tabac-sur-le-lieu-de-travail-marqueur-des-inegalites-sociales\/"},"modified":"2020-02-07T10:53:14","modified_gmt":"2020-02-07T09:53:14","slug":"lexposition-a-la-fumee-de-tabac-sur-le-lieu-de-travail-marqueur-des-inegalites-sociales","status":"publish","type":"actualites","link":"https:\/\/www.generationsanstabac.org\/fr\/actualites\/lexposition-a-la-fumee-de-tabac-sur-le-lieu-de-travail-marqueur-des-inegalites-sociales\/","title":{"rendered":"L\u2019exposition \u00e0 la fum\u00e9e de tabac sur le lieu de travail, marqueur des in\u00e9galit\u00e9s sociales"},"content":{"rendered":"<p>Selon une nouvelle \u00e9tude publi\u00e9e par Sant\u00e9 Publique France, pr\u00e8s de 16% des individus exer\u00e7ant un emploi en France sont expos\u00e9s \u00e0 la fum\u00e9e de tabac des autres \u00e0 l\u2019int\u00e9rieur de leur lieu de travail<a href=\"#_ftn1\" name=\"_ftnref1\">[1]<\/a>. Parmi eux, les ouvriers sont quatre fois plus nombreux.<\/p>\n<p>Face au probl\u00e8me du tabagisme passif sur le lieu de travail, les cat\u00e9gories socio-professionnelles demeurent extr\u00eamement clivantes : les cadres sup\u00e9rieurs et les professions intellectuelles ont une probabilit\u00e9 d\u2019\u00eatre expos\u00e9e bien inf\u00e9rieure (6,4%) \u00e0 celle des employ\u00e9s (27.4%) et individus ayant un dipl\u00f4me inf\u00e9rieur au bac ou sans dipl\u00f4me. Parmi les secteurs d\u2019activit\u00e9s, c\u2019est le secteur de la construction qui concentre la plus grande fr\u00e9quence d\u2019exposition \u00e0 la fum\u00e9e de tabac (38,1%).<\/p>\n<p>Le tabagisme \u00e0 l\u2019int\u00e9rieur des locaux demeure courant alors que la r\u00e8glementation l\u2019interdit. Depuis 2007 et en vertu du d\u00e9cret du 15 novembre 2006 qui \u00e9tend l\u2019interdiction de fumer dans de nombreux lieux \u00e0 usage collectif, les entreprises sont d\u00e9sormais des lieux non-fumeurs. Si ce nouveau dispositif l\u00e9gislatif a alors entra\u00een\u00e9 une diminution forte de l\u2019exposition au tabagisme passif dans ces lieux<a href=\"#_ftn2\" name=\"_ftnref2\">[2]<\/a>, le Barom\u00e8tre constate depuis une stagnation de la situation. Les auteur.e.s du rapport \u00e9voquent \u00ab un ralentissement dans l\u2019application de la loi ou un niveau palier atteint (\u2026)<a href=\"#_ftn3\" name=\"_ftnref3\">[3]<\/a>\u00bb.<\/p>\n<p>En 2019, l\u2019association DNF-Pour un Monde ZeroTabac s\u2019est constitu\u00e9e partie civile dans une affaire de tabagisme passif d\u2019un apprenti sur le lieu de travail. La soci\u00e9t\u00e9 concern\u00e9e a \u00e9t\u00e9 condamn\u00e9e. L\u2019article 8 de la Convention Cadre de l\u2019OMS pour la lutte antitabac, relatif \u00e0 la protection contre l\u2019exposition \u00e0 la fum\u00e9e du tabac, sert de fondement aux actions men\u00e9es dans le but de r\u00e9duire la morbidit\u00e9 li\u00e9e au tabagisme passif.<\/p>\n<p><a href=\"https:\/\/www.generationsanstabac.org\/\"><span style=\"color: #666699;\">\u00a9G\u00e9n\u00e9ration Sans Tabac<\/span><\/a><\/p>\n<hr \/>\n<p><em><a href=\"#_ftnref1\" name=\"_ftn1\">[1]<\/a> Sant\u00e9 Publique France, \u00ab Exposition \u00e0 la fum\u00e9e de tabac sur le lieu de travail et au domicile entre 2014 et 2018 \u00bb, R\u00e9sultats du barom\u00e8tre de sant\u00e9 publique France, 2020<\/em><\/p>\n<p><em><a href=\"#_ftnref2\" name=\"_ftn2\">[2]<\/a> Projet ITC. Rapport national ITC France. R\u00e9sultat des vagues 1\u00e0 3 de l\u2019enqu\u00eate (2006-2012) : Waterloo : University of Waterloo ; Saint Maurice : Sant\u00e9 Publique France ; Boulogne-Billancourt : institut national du cancer, 2015.<\/em><\/p>\n<p><em><a href=\"#_ftnref3\" name=\"_ftn3\">[3]<\/a> Sant\u00e9 Publique France, \u00ab Exposition \u00e0 la fum\u00e9e de tabac sur le lieu de travail et au domicile entre 2014 et 2018 \u00bb, R\u00e9sultats du barom\u00e8tre de sant\u00e9 publique France, 2020, p.9.<\/em><\/p>\n<div class=\"entry-content\">\n<p><a href=\"http:\/\/dnf.asso.fr\/\" target=\"_blank\" rel=\"noopener noreferrer\"><span style=\"color: #e8e8e8;\">|| \u00a9DNF Pour un monde Z\u00e9ro Tabac<\/span><\/a><\/p>\n<\/div>\n<div class=\"date-wrapper\">\n<div class=\"grid-container\">\n<div class=\"inside-article\"><\/div>\n<\/div>\n<\/div>\n","protected":false},"excerpt":{"rendered":"<p>Selon une nouvelle \u00e9tude publi\u00e9e par SPF, pr\u00e8s de 16% des individus en France sont expos\u00e9s \u00e0 la fum\u00e9e de tabac \u00e0 l\u2019int\u00e9rieur de leur lieu de travail<\/p>\n","protected":false},"featured_media":14959,"template":"","tags":[],"thematique":[474],"class_list":["post-19566","actualites","type-actualites","status-publish","has-post-thumbnail","hentry","thematique-sante"],"acf":[],"_links":{"self":[{"href":"https:\/\/www.generationsanstabac.org\/fr\/wp-json\/wp\/v2\/actualites\/19566","targetHints":{"allow":["GET"]}}],"collection":[{"href":"https:\/\/www.generationsanstabac.org\/fr\/wp-json\/wp\/v2\/actualites"}],"about":[{"href":"https:\/\/www.generationsanstabac.org\/fr\/wp-json\/wp\/v2\/types\/actualites"}],"version-history":[{"count":0,"href":"https:\/\/www.generationsanstabac.org\/fr\/wp-json\/wp\/v2\/actualites\/19566\/revisions"}],"wp:featuredmedia":[{"embeddable":true,"href":"https:\/\/www.generationsanstabac.org\/fr\/wp-json\/wp\/v2\/media\/14959"}],"wp:attachment":[{"href":"https:\/\/www.generationsanstabac.org\/fr\/wp-json\/wp\/v2\/media?parent=19566"}],"wp:term":[{"taxonomy":"post_tag","embeddable":true,"href":"https:\/\/www.generationsanstabac.org\/fr\/wp-json\/wp\/v2\/tags?post=19566"},{"taxonomy":"thematique","embeddable":true,"href":"https:\/\/www.generationsanstabac.org\/fr\/wp-json\/wp\/v2\/thematique?post=19566"}],"curies":[{"name":"wp","href":"https:\/\/api.w.org\/{rel}","templated":true}]}}