{"id":19563,"date":"2020-02-06T15:05:40","date_gmt":"2020-02-06T14:05:40","guid":{"rendered":"https:\/\/www.generationsanstabac.org\/actualites\/loms-prevoit-une-hausse-de-60-de-cancer-au-cours-des-20-prochaines-annees\/"},"modified":"2020-02-06T15:05:40","modified_gmt":"2020-02-06T14:05:40","slug":"loms-prevoit-une-hausse-de-60-de-cancer-au-cours-des-20-prochaines-annees","status":"publish","type":"actualites","link":"https:\/\/www.generationsanstabac.org\/fr\/actualites\/loms-prevoit-une-hausse-de-60-de-cancer-au-cours-des-20-prochaines-annees\/","title":{"rendered":"L&rsquo;OMS pr\u00e9voit une hausse de 60% des cas de cancer au cours des 20 prochaines ann\u00e9es"},"content":{"rendered":"<p style=\"text-align: justify;\">La Journ\u00e9e mondiale contre le cancer (4 f\u00e9vrier) vise \u00e0 informer les gens sur la maladie et les mesures \u00e0 l\u2019encontre de celle-ci. \u00c0 cette occasion, les organisations de sant\u00e9 dans le monde communiquent tout particuli\u00e8rement sur le r\u00f4le majeur de la pr\u00e9vention et de la d\u00e9tection pr\u00e9coce des cancers.<\/p>\n<p style=\"text-align: justify;\">L\u2019Organisation mondiale de la sant\u00e9 (OMS) pr\u00e9voit d&rsquo;ici 2040 une augmentation de 60% des cancers au cours de deux prochaines d\u00e9cennies. Cette hausse serait m\u00eame de plus de 80% dans les pays \u00e0 revenu faible et interm\u00e9diaire.<\/p>\n<p style=\"text-align: justify;\">Une personne sur cinq dans le monde sera confront\u00e9e \u00e0 un diagnostic de cancer au cours de sa vie.<\/p>\n<p style=\"text-align: justify;\">Ce rapport souligne que le tabagisme est actuellement responsable de 25% des d\u00e9c\u00e8s par cancer. Bien que le cancer ait longtemps \u00e9t\u00e9 consid\u00e9r\u00e9 comme une maladie des pays riches, ce n\u2019est plus le cas.<\/p>\n<p style=\"text-align: justify;\">Les mesures pour r\u00e9duire la consommation de tabac sont connues et leur mise en \u0153uvre peut fortement contribuer \u00e0 r\u00e9duire ces chiffres.  Parmi les autres mesures \u00e0 promouvoir pour r\u00e9duire ce fardeau figure la r\u00e9duction de la consommation d\u2019alcool, la vaccination contre l&rsquo;h\u00e9patite B pour pr\u00e9venir le cancer du foie, d&rsquo;\u00e9liminer le cancer du col de l&rsquo;ut\u00e9rus en vaccinant contre le papillomavirus.<\/p>\n<p style=\"text-align: justify;\">La hausse encore plus importante dans les pays \u00e0 faible revenu et revenu interm\u00e9diaire hausse r\u00e9sulte notamment d&rsquo;un manque d&rsquo;investissement dans la pr\u00e9vention et les soins. Jusqu\u2019\u00e0 pr\u00e9sent les ressources limit\u00e9es ont \u00e9t\u00e9 consacr\u00e9es \u00e0 la seule lutte contre les maladies infectieuses et l&rsquo;am\u00e9lioration de la sant\u00e9 maternelle et infantile. La mortalit\u00e9 par cancer progresse fortement et impose que des moyens y soient consacr\u00e9s. Les \u00e9carts entre les pays sont par ailleurs tr\u00e8s importants.<\/p>\n<p style=\"text-align: justify;\">\u00ab <em>C&rsquo;est un signal d&rsquo;alarme pour nous tous de lutter contre les in\u00e9galit\u00e9s inacceptables entre les services de lutte contre le cancer dans les pays riches et pauvres <\/em>\u00bb, a d\u00e9clar\u00e9 Ren Minghui, sous-directeur g\u00e9n\u00e9ral de l&rsquo;OMS, dans un <a href=\"https:\/\/www.who.int\/publications-detail\/who-report-on-cancer-setting-priorities-investing-wisely-and-providing-care-for-all\">rapport<\/a> consacr\u00e9 \u00e0 ce sujet.<\/p>\n<p style=\"text-align: justify;\"><span style=\"color: #666699;\"><a style=\"color: #666699;\" href=\"https:\/\/www.generationsanstabac.org\/\">\u00a9G\u00e9n\u00e9ration Sans Tabac<\/a><\/span><\/p>\n<hr \/>\n<p><a href=\"https:\/\/www.who.int\/news-room\/detail\/04-02-2020-who-outlines-steps-to-save-7-million-lives-from-cancer\">https:\/\/www.who.int\/news-room\/detail\/04-02-2020-who-outlines-steps-to-save-7-million-lives-from-cancer<\/a><\/p>\n<p><span style=\"color: #e8e8e8;\"><a style=\"color: #e8e8e8;\" href=\"http:\/\/www.cnct.fr\/\" target=\"_blank\" rel=\"noopener noreferrer\">| \u00a9Comit\u00e9 National Contre le Tabagisme |<\/a><\/span><\/p>\n","protected":false},"excerpt":{"rendered":"<p>L\u2019Organisation mondiale de la sant\u00e9 (OMS) pr\u00e9voit d&rsquo;ici 2040 une augmentation de 60% des cas de cancer au cours de deux prochaines d\u00e9cennies.<\/p>\n","protected":false},"featured_media":11545,"template":"","tags":[],"thematique":[474],"class_list":["post-19563","actualites","type-actualites","status-publish","has-post-thumbnail","hentry","thematique-sante"],"acf":[],"_links":{"self":[{"href":"https:\/\/www.generationsanstabac.org\/fr\/wp-json\/wp\/v2\/actualites\/19563","targetHints":{"allow":["GET"]}}],"collection":[{"href":"https:\/\/www.generationsanstabac.org\/fr\/wp-json\/wp\/v2\/actualites"}],"about":[{"href":"https:\/\/www.generationsanstabac.org\/fr\/wp-json\/wp\/v2\/types\/actualites"}],"version-history":[{"count":0,"href":"https:\/\/www.generationsanstabac.org\/fr\/wp-json\/wp\/v2\/actualites\/19563\/revisions"}],"wp:featuredmedia":[{"embeddable":true,"href":"https:\/\/www.generationsanstabac.org\/fr\/wp-json\/wp\/v2\/media\/11545"}],"wp:attachment":[{"href":"https:\/\/www.generationsanstabac.org\/fr\/wp-json\/wp\/v2\/media?parent=19563"}],"wp:term":[{"taxonomy":"post_tag","embeddable":true,"href":"https:\/\/www.generationsanstabac.org\/fr\/wp-json\/wp\/v2\/tags?post=19563"},{"taxonomy":"thematique","embeddable":true,"href":"https:\/\/www.generationsanstabac.org\/fr\/wp-json\/wp\/v2\/thematique?post=19563"}],"curies":[{"name":"wp","href":"https:\/\/api.w.org\/{rel}","templated":true}]}}