{"id":19562,"date":"2020-02-06T14:58:02","date_gmt":"2020-02-06T13:58:02","guid":{"rendered":"https:\/\/www.generationsanstabac.org\/actualites\/linterdiction-de-fumer-en-voiture-reduit-le-tabagisme-passif-des-enfants\/"},"modified":"2020-02-06T14:58:02","modified_gmt":"2020-02-06T13:58:02","slug":"linterdiction-de-fumer-en-voiture-reduit-le-tabagisme-passif-des-enfants","status":"publish","type":"actualites","link":"https:\/\/www.generationsanstabac.org\/fr\/actualites\/linterdiction-de-fumer-en-voiture-reduit-le-tabagisme-passif-des-enfants\/","title":{"rendered":"L\u2019interdiction de fumer en voiture r\u00e9duit le tabagisme passif des enfants"},"content":{"rendered":"<p style=\"text-align: justify;\">Les dangers de la fum\u00e9e secondaire sont bien \u00e9tablis depuis de nombreuses ann\u00e9es. Le trait\u00e9 de l&rsquo;OMS stipule que \u00ab<em>les preuves scientifiques ont \u00e9tabli sans \u00e9quivoque que l&rsquo;exposition \u00e0 la fum\u00e9e de tabac provoque la mort, la maladie et l&rsquo;invalidit\u00e9<a href=\"#_ftn1\" name=\"_ftnref1\"><strong>[1]<\/strong><\/a><\/em>\u00bb.  Les risques de cette exposition ont conduit les pays \u00e0 prot\u00e9ger leur population par des interdictions de fumer dans les lieux ferm\u00e9s publics ou qui constituent des lieux de travail.<\/p>\n<p style=\"text-align: justify;\">Ces interdictions s\u2019\u00e9tendent de plus en plus aux lieux ext\u00e9rieurs au fur et \u00e0 mesure de la connaissance sur les risques du tabagisme passif et en r\u00e9ponse \u00e0 une demande des personnes, non fumeurs comme fumeurs.<\/p>\n<p style=\"text-align: justify;\">Certains lieux priv\u00e9s sont \u00e9galement dor\u00e9navant concern\u00e9s. Tel est le cas de l\u2019interdiction de fumer dans dans une voiture en pr\u00e9sence d\u2019un mineur.<\/p>\n<p style=\"text-align: justify;\">Une telle disposition est en vigueur en France depuis l\u2019adoption de la loi de modernisation du syst\u00e8me de sant\u00e9 en janvier 2016.<\/p>\n<p style=\"text-align: justify;\">Il en est de m\u00eame en Angleterre et en Ecosse depuis 2015 o\u00f9 la disposition a \u00e9t\u00e9 \u00e9valu\u00e9e.<\/p>\n<p style=\"text-align: justify;\">Des chercheurs britanniques ont cherch\u00e9 \u00e0 mesurer l\u2019impact de cette mesure sur la sant\u00e9 des plus jeunes. Les chercheurs de <em>l\u2019Imperial College London<\/em> ont interrog\u00e9 des adolescents \u00e2g\u00e9s de 13 \u00e0 15 ans. Ils leur ont ainsi demand\u00e9 \u00e0 quelle fr\u00e9quence, au cours de l\u2019ann\u00e9e \u00e9coul\u00e9e, ils avaient voyag\u00e9 en pr\u00e9sence d\u2019un adulte fumeur ayant consomm\u00e9 du tabac pendant le trajet en voiture.<\/p>\n<p style=\"text-align: justify;\">La proportion d\u2019enfants expos\u00e9s \u00e0 la fum\u00e9e de tabac secondaire en \u00c9cosse est pass\u00e9e de 3,4% en 2012 \u00e0 1,3% en 2016. Et de 6,3% \u00e0 1,6% pour l\u2019Angleterre. Soit une baisse de 72% par rapport \u00e0 la p\u00e9riode pr\u00e9c\u00e9dant l\u2019interdiction. \u00c0 ce jour, de telles donn\u00e9es ne sont pas disponibles pour la France. \u00c9tant donn\u00e9 la vuln\u00e9rabilit\u00e9 des enfants \u00e0 la fum\u00e9e secondaire, une r\u00e9duction de l\u2019exposition constitue un v\u00e9ritable enjeu de sant\u00e9 publique non seulement en mati\u00e8re de r\u00e9duction de l\u2019exposition au risque mais aussi \u00e0 l\u2019initiation au tabagisme chez les plus jeunes.<\/p>\n<p><span style=\"color: #666699;\"><a style=\"color: #666699;\" href=\"https:\/\/www.generationsanstabac.org\/\">\u00a9G\u00e9n\u00e9ration Sans Tabac<\/a><\/span><\/p>\n<hr \/>\n<p><a href=\"#_ftnref1\" name=\"_ftn1\">[1]<\/a> Article 8 de la CCLAT \u2013 Protection contre l\u2019exposition \u00e0 la fum\u00e9e du tabac <a href=\"https:\/\/www.generationsanstabac.org\/application-de-la-cclat-par-les-parties\/\">https:\/\/www.generationsanstabac.org\/application-de-la-cclat-par-les-parties\/<\/a><\/p>\n<p><span style=\"color: #e8e8e8;\"><a style=\"color: #e8e8e8;\" href=\"http:\/\/www.cnct.fr\/\" target=\"_blank\" rel=\"noopener noreferrer\">| \u00a9Comit\u00e9 National Contre le Tabagisme |<\/a><\/span><\/p>\n","protected":false},"excerpt":{"rendered":"<p>Certains lieux priv\u00e9s sont \u00e9galement dor\u00e9navant concern\u00e9s. Tel est le cas de l\u2019interdiction de fumer dans une voiture en pr\u00e9sence d\u2019un mineur.<\/p>\n","protected":false},"featured_media":19442,"template":"","tags":[],"thematique":[502,474],"class_list":["post-19562","actualites","type-actualites","status-publish","has-post-thumbnail","hentry","thematique-justice","thematique-sante"],"acf":[],"_links":{"self":[{"href":"https:\/\/www.generationsanstabac.org\/fr\/wp-json\/wp\/v2\/actualites\/19562","targetHints":{"allow":["GET"]}}],"collection":[{"href":"https:\/\/www.generationsanstabac.org\/fr\/wp-json\/wp\/v2\/actualites"}],"about":[{"href":"https:\/\/www.generationsanstabac.org\/fr\/wp-json\/wp\/v2\/types\/actualites"}],"version-history":[{"count":0,"href":"https:\/\/www.generationsanstabac.org\/fr\/wp-json\/wp\/v2\/actualites\/19562\/revisions"}],"wp:featuredmedia":[{"embeddable":true,"href":"https:\/\/www.generationsanstabac.org\/fr\/wp-json\/wp\/v2\/media\/19442"}],"wp:attachment":[{"href":"https:\/\/www.generationsanstabac.org\/fr\/wp-json\/wp\/v2\/media?parent=19562"}],"wp:term":[{"taxonomy":"post_tag","embeddable":true,"href":"https:\/\/www.generationsanstabac.org\/fr\/wp-json\/wp\/v2\/tags?post=19562"},{"taxonomy":"thematique","embeddable":true,"href":"https:\/\/www.generationsanstabac.org\/fr\/wp-json\/wp\/v2\/thematique?post=19562"}],"curies":[{"name":"wp","href":"https:\/\/api.w.org\/{rel}","templated":true}]}}