{"id":19558,"date":"2020-02-05T10:17:35","date_gmt":"2020-02-05T09:17:35","guid":{"rendered":"https:\/\/www.generationsanstabac.org\/actualites\/des-decisions-de-justice-en-appui-de-la-lutte-contre-le-tabagisme\/"},"modified":"2020-02-05T10:17:35","modified_gmt":"2020-02-05T09:17:35","slug":"des-decisions-de-justice-en-appui-de-la-lutte-contre-le-tabagisme","status":"publish","type":"actualites","link":"https:\/\/www.generationsanstabac.org\/fr\/actualites\/des-decisions-de-justice-en-appui-de-la-lutte-contre-le-tabagisme\/","title":{"rendered":"Des d\u00e9cisions de justice en appui de la lutte contre le tabagisme"},"content":{"rendered":"<p style=\"text-align: justify;\">Plusieurs arr\u00eats de la Cour d\u2019Appel de Paris sont intervenus au cours de ces derni\u00e8res semaines \u00e0 propos de proc\u00e9dures engag\u00e9es par le Comit\u00e9 National Contre le Tabagisme. Ils viennent tous renforcer des jugements de condamnation \u00e0 l\u2019encontre de fabricants et distributeur de produits du tabac.<\/p>\n<p style=\"text-align: justify;\">Deux d\u00e9cisions en date du 20 d\u00e9cembre 2019 ont concern\u00e9 des paquets de cigarettes. Il s\u2019agissait dans un cas de l\u2019insertion de vignettes dans les paquets de la marque \u00ab Fortuna \u00bb (Imperial &#8211; SEITA) et dans la seconde affaire de paquets collector en s\u00e9rie limit\u00e9e pour la marque \u00ab Che \u00bb (Landewyck). La Cour d\u2019Appel a confirm\u00e9 la condamnation des pr\u00e9venus pour l\u2019utilisation du packaging comme support publicitaire. Les juges ont m\u00eame \u00e9largi la notion de publicit\u00e9 \u00e0 l\u2019apposition de certains pictogrammes \u00e9cologiques.<\/p>\n<p style=\"text-align: justify;\"><img fetchpriority=\"high\" decoding=\"async\" class=\"alignnone size-medium wp-image-1348\" src=\"https:\/\/www.generationsanstabac.org\/wp-content\/uploads\/2024\/07\/decisions-justice-che-cnct-paquet-marketing-225x300.jpg\" alt=\"decisions-justice-che-cnct-paquet-marketing\" width=\"225\" height=\"300\" \/>    <img decoding=\"async\" class=\"alignnone size-medium wp-image-1349\" src=\"https:\/\/www.generationsanstabac.org\/wp-content\/uploads\/2024\/07\/decisions-justice-fortuna-cnct-paquet-neutre-225x300.jpg\" alt=\"decisions-justice-fortuna-cnct-paquet-neutre\" width=\"225\" height=\"300\" \/><\/p>\n<p style=\"text-align: justify;\">Ces proc\u00e9dures ont \u00e9t\u00e9 initi\u00e9es avant la g\u00e9n\u00e9ralisation du paquet neutre en France le 1<sup>er<\/sup> janvier 2017. Elles soulignent qu\u2019en d\u00e9pit d\u2019une d\u00e9cision de principe de la Cour de Cassation (Crim., 3 mai 2006, arr\u00eat \u00ab Winfield \u00bb) prohibant l\u2019utilisation des paquets comme vecteur de communication avec le consommateur, les fabricants de tabac ont continu\u00e9 \u00e0 proposer de tels emballages attractifs jusqu\u2019\u00e0 l\u2019instauration du paquet neutre.<\/p>\n<p style=\"text-align: justify;\">Une d\u00e9cision plus r\u00e9cente, rendue le 22 janvier 2020 par la m\u00eame Cour a \u00e9galement confirm\u00e9 la condamnation du fabricant de cigares Dannemann et du distributeur Logista. Les juges du fonds ont condamn\u00e9 des paquets de cigares de la marque \u00ab Moods \u00bb comportant de nombreuses mentions promotionnelles. Il s\u2019agit en r\u00e9alit\u00e9 de la troisi\u00e8me proc\u00e9dure engag\u00e9e \u00e0 l\u2019encontre du fabricant, pour les m\u00eames infractions, ayant d\u00e9j\u00e0 \u00e9t\u00e9 jug\u00e9es par les tribunaux. Ainsi donc, en d\u00e9pit de ces condamnations pr\u00e9c\u00e9dentes, le fabricant continuait \u00e0 mettre sur le march\u00e9 des paquets irr\u00e9guliers, les paquets neutres n\u2019ayant pas \u00e9t\u00e9 impos\u00e9s jusqu\u2019\u00e0 pr\u00e9sent aux cigares.<\/p>\n<p><span style=\"color: #666699;\"><a style=\"color: #666699;\" href=\"https:\/\/www.generationsanstabac.org\/\">\u00a9G\u00e9n\u00e9ration Sans Tabac<\/a><\/span><\/p>\n<hr \/>\n<p><span style=\"color: #e8e8e8;\"><a style=\"color: #e8e8e8;\" href=\"http:\/\/www.cnct.fr\/\" target=\"_blank\" rel=\"noopener noreferrer\">| \u00a9Comit\u00e9 National Contre le Tabagisme |<\/a><\/span><\/p>\n","protected":false},"excerpt":{"rendered":"<p>Plusieurs d\u00e9cisions sont intervenus au cours de ces derni\u00e8res semaines \u00e0 propos de proc\u00e9dures engag\u00e9es par le Comit\u00e9 National Contre le Tabagisme.<\/p>\n","protected":false},"featured_media":14905,"template":"","tags":[],"thematique":[502],"class_list":["post-19558","actualites","type-actualites","status-publish","has-post-thumbnail","hentry","thematique-justice"],"acf":[],"_links":{"self":[{"href":"https:\/\/www.generationsanstabac.org\/fr\/wp-json\/wp\/v2\/actualites\/19558","targetHints":{"allow":["GET"]}}],"collection":[{"href":"https:\/\/www.generationsanstabac.org\/fr\/wp-json\/wp\/v2\/actualites"}],"about":[{"href":"https:\/\/www.generationsanstabac.org\/fr\/wp-json\/wp\/v2\/types\/actualites"}],"version-history":[{"count":0,"href":"https:\/\/www.generationsanstabac.org\/fr\/wp-json\/wp\/v2\/actualites\/19558\/revisions"}],"wp:featuredmedia":[{"embeddable":true,"href":"https:\/\/www.generationsanstabac.org\/fr\/wp-json\/wp\/v2\/media\/14905"}],"wp:attachment":[{"href":"https:\/\/www.generationsanstabac.org\/fr\/wp-json\/wp\/v2\/media?parent=19558"}],"wp:term":[{"taxonomy":"post_tag","embeddable":true,"href":"https:\/\/www.generationsanstabac.org\/fr\/wp-json\/wp\/v2\/tags?post=19558"},{"taxonomy":"thematique","embeddable":true,"href":"https:\/\/www.generationsanstabac.org\/fr\/wp-json\/wp\/v2\/thematique?post=19558"}],"curies":[{"name":"wp","href":"https:\/\/api.w.org\/{rel}","templated":true}]}}