{"id":19549,"date":"2020-01-29T14:24:33","date_gmt":"2020-01-29T13:24:33","guid":{"rendered":"https:\/\/www.generationsanstabac.org\/actualites\/agnes-buzyn-hausse-prix-tabac-a-rouler\/"},"modified":"2020-01-29T14:24:33","modified_gmt":"2020-01-29T13:24:33","slug":"agnes-buzyn-hausse-prix-tabac-a-rouler","status":"publish","type":"actualites","link":"https:\/\/www.generationsanstabac.org\/fr\/actualites\/agnes-buzyn-hausse-prix-tabac-a-rouler\/","title":{"rendered":"Tabac \u00e0 rouler : Agn\u00e8s Buzyn r\u00e9clame un alignement du prix sur celui des cigarettes"},"content":{"rendered":"<div id=\"sdfootnote2\">\n<div class=\"entry-content\">\n<p style=\"text-align: justify;\">Invit\u00e9e du Grand Jury au micro de RTL<a href=\"#sdfootnote1sym\"><sup>1<\/sup><\/a>, la ministre des Solidarit\u00e9s et de la Sant\u00e9 Agn\u00e8s Buzyn, a indiqu\u00e9 que le prix du tabac \u00e0 rouler allait progressivement augmenter pour rejoindre celui des cigarettes d&rsquo;ici \u00ab\u00a0la fin du quinquennat\u00a0\u00bb.<\/p>\n<p style=\"text-align: justify;\">Le tabac \u00e0 rouler est de plus en plus populaire dans de nombreux pays. Il est g\u00e9n\u00e9ralement moins cher que les cigarettes manufactur\u00e9es. Cependant, le niveau de risque du tabac \u00e0 rouler par rapport aux cigarettes traditionnelles est similaire et ne change pas avec le poids de la cigarette.<\/p>\n<p style=\"text-align: justify;\"><u><a href=\"https:\/\/www.who.int\/tobacco\/mpower\/publications\/fr_tfi_mpower_r.pdf?ua=1\" target=\"_blank\" rel=\"noopener noreferrer\">Les \u00e9tudes<\/a><\/u> d\u00e9montrent que si l\u2019on augmente le prix du paquet de 10%, la consommation diminue d\u2019environ 4%. Tout en reconnaissant pleinement l\u2019efficacit\u00e9 de cette mesure, la Cour des Comptes avait, dans un <a href=\"https:\/\/cnct.fr\/wp-content\/uploads\/2018\/11\/20160210_11530608_lutte_contre_tabagisme_rpa2016_tome_2.pdf\">rapport de 2016<\/a><a href=\"#sdfootnote2sym\"><sup>2<\/sup><\/a>, \u00e9pingl\u00e9 la France, estimant que les hausses de taxes impos\u00e9es avaient jusque-l\u00e0 \u00e9t\u00e9 trop modestes et pas assez continues. Or ces hausses sont particuli\u00e8rement efficaces aupr\u00e8s des jeunes et des personnes \u00e0 faibles revenus qui vont davantage \u00eatre incit\u00e9es \u00e0 l\u2019arr\u00eat ou dissuad\u00e9es de commencer<\/p>\n<p style=\"text-align: justify;\">Cependant plusieurs conditions n\u00e9cessitent d\u2019\u00eatre r\u00e9unies : ces hausses doivent \u00eatre r\u00e9p\u00e9t\u00e9es et importantes pour \u00eatre efficaces, elles doivent \u00e9galement s\u2019appliquer \u00e0 tous les produits du tabac pour \u00e9viter des transferts de consommation. Lorsque les hausses se limitent aux seules cigarettes, on constate des reports de consommation vers le tabac \u00e0 rouler. Pour contrecarrer ce report, le tabac devrait \u00eatre tax\u00e9 au poids &#8211; cette mesure permettrait notamment de r\u00e9\u00e9quilibrer les diff\u00e9rences de prix entre les cigarettes manufactur\u00e9es et le tabac \u00e0 rouler.<\/p>\n<p><a href=\"https:\/\/www.generationsanstabac.org\/\">\u00a9G\u00e9n\u00e9ration Sans Tabac<\/a><\/p>\n<\/div>\n<div class=\"date-wrapper\">\n<div class=\"grid-container\">\n<p style=\"text-align: left;\"><a href=\"#sdfootnote1anc\">[1] <\/a><u><a href=\"https:\/\/www.rtl.fr\/actu\/politique\/tabac-a-rouler-agnes-buzyn-veut-aligner-son-prix-sur-le-paquet-de-cigarettes-7799967635\">https:\/\/www.rtl.fr\/actu\/politique\/tabac-a-rouler-agnes-buzyn-veut-aligner-son-prix-sur-le-paquet-de-cigarettes-7799967635<\/a><\/u><\/p>\n<\/div>\n<p class=\"grid-container\"><u><a href=\"#sdfootnote1anc\">[2]<\/a> <a href=\"https:\/\/cnct.fr\/wp-content\/uploads\/2018\/11\/20160210_11530608_lutte_contre_tabagisme_rpa2016_tome_2.pdf\">https:\/\/cnct.fr\/wp-content\/uploads\/2018\/11\/20160210_11530608_lutte_contre_tabagisme_rpa2016_tome_2.pdf<\/a><\/u><\/p>\n<p><strong><a style=\"color: #999999;\" href=\"http:\/\/www.cnct.fr\/\" target=\"_blank\" rel=\"noopener noreferrer\">Comit\u00e9 National Contre le Tabagisme |<\/a><\/strong><\/p>\n<\/div>\n<\/div>\n","protected":false},"excerpt":{"rendered":"<p>Agn\u00e8s Buzyn, a indiqu\u00e9 que le prix du tabac \u00e0 rouler allait progressivement augmenter pour rejoindre celui des cigarettes<\/p>\n","protected":false},"featured_media":14947,"template":"","tags":[],"thematique":[491,474],"class_list":["post-19549","actualites","type-actualites","status-publish","has-post-thumbnail","hentry","thematique-politiques-publiques","thematique-sante"],"acf":[],"_links":{"self":[{"href":"https:\/\/www.generationsanstabac.org\/fr\/wp-json\/wp\/v2\/actualites\/19549","targetHints":{"allow":["GET"]}}],"collection":[{"href":"https:\/\/www.generationsanstabac.org\/fr\/wp-json\/wp\/v2\/actualites"}],"about":[{"href":"https:\/\/www.generationsanstabac.org\/fr\/wp-json\/wp\/v2\/types\/actualites"}],"version-history":[{"count":0,"href":"https:\/\/www.generationsanstabac.org\/fr\/wp-json\/wp\/v2\/actualites\/19549\/revisions"}],"wp:featuredmedia":[{"embeddable":true,"href":"https:\/\/www.generationsanstabac.org\/fr\/wp-json\/wp\/v2\/media\/14947"}],"wp:attachment":[{"href":"https:\/\/www.generationsanstabac.org\/fr\/wp-json\/wp\/v2\/media?parent=19549"}],"wp:term":[{"taxonomy":"post_tag","embeddable":true,"href":"https:\/\/www.generationsanstabac.org\/fr\/wp-json\/wp\/v2\/tags?post=19549"},{"taxonomy":"thematique","embeddable":true,"href":"https:\/\/www.generationsanstabac.org\/fr\/wp-json\/wp\/v2\/thematique?post=19549"}],"curies":[{"name":"wp","href":"https:\/\/api.w.org\/{rel}","templated":true}]}}