{"id":19547,"date":"2020-01-29T13:58:02","date_gmt":"2020-01-29T12:58:02","guid":{"rendered":"https:\/\/www.generationsanstabac.org\/actualites\/nepal-les-autorites-sommees-de-faire-appliquer-la-loi-anti-tabac\/"},"modified":"2020-01-29T13:58:02","modified_gmt":"2020-01-29T12:58:02","slug":"nepal-les-autorites-sommees-de-faire-appliquer-la-loi-anti-tabac","status":"publish","type":"actualites","link":"https:\/\/www.generationsanstabac.org\/fr\/actualites\/nepal-les-autorites-sommees-de-faire-appliquer-la-loi-anti-tabac\/","title":{"rendered":"N\u00e9pal : les autorit\u00e9s somm\u00e9es de faire appliquer la loi anti-tabac"},"content":{"rendered":"<p style=\"text-align: justify;\" align=\"justify\">N\u00e9pal &#8211; Le Minist\u00e8re en charge de l\u2019administration a ordonn\u00e9 \u00e0 l\u2019ensemble de ses services d\u00e9concentr\u00e9s dans le pays d\u2019appliquer strictement la loi de 2011 sur les produits du tabac. Sont notamment vis\u00e9es l\u2019application de l\u2019interdiction de fumer dans les lieux publics ainsi que l\u2019interdiction de toute forme de publicit\u00e9 en faveur du tabac. La loi interdit \u00e9galement la vente et la distribution de tabac et de produits li\u00e9s au tabac dans certains lieux publics, en particulier les \u00e9tablissements d&rsquo;enseignement, les parcs, les garderies et les foyers pour personnes \u00e2g\u00e9es.<\/p>\n<p style=\"text-align: justify;\" align=\"justify\">La loi pr\u00e9voit l\u2019apposition obligatoire d\u2019une signal\u00e9tique rappelant l\u2019interdiction de fumer, qui soit visible et lisible dans divers lieux publics. Selon la loi, toute personne ou entreprise enfreignant la loi est passible d&rsquo;une amende allant de 100 roupies (\u20ac0,80) \u00e0 100 000 roupie (\u20ac800), selon la nature de la violation.<\/p>\n<p style=\"text-align: justify;\" align=\"justify\">Pour rappel, le N\u00e9pal est devenu partie \u00e0 la Convention-cadre de l&rsquo;OMS pour la lutte antitabac le 5 f\u00e9vrier 2007 et a adopt\u00e9 diff\u00e9rentes mesures de lutte antitabac au cours des derni\u00e8res d\u00e9cennies. Le gouvernement du N\u00e9pal a approuv\u00e9 les directives anti-tabac de la Loi de 2010 sur le contr\u00f4le et la r\u00e9glementation des produits du tabac en novembre 2011. Cela a \u00e9t\u00e9 consid\u00e9r\u00e9 comme un jalon dans la lutte contre le tabagisme dans le pays. Depuis lors, le N\u00e9pal a r\u00e9alis\u00e9 des progr\u00e8s importants dans la lutte antitabac. Bien que le N\u00e9pal n&rsquo;ait pas encore mis en place un emballage neutre, les avertissements sanitaires couvrent 90% de la surface du paquet de cigarettes. Il s\u2019agit de la taille la plus \u00e9lev\u00e9e qui soit en mati\u00e8re d\u2019avertissement sanitaire  dans le monde.<\/p>\n<div class=\"entry-content\">\n<p><span style=\"color: #666699;\"><a style=\"color: #666699;\" href=\"https:\/\/www.generationsanstabac.org\/\" target=\"_blank\" rel=\"noopener noreferrer\">\u00a9G\u00e9n\u00e9ration Sans Tabac<\/a><\/span><\/p>\n<hr \/>\n<p><span style=\"color: #e8e8e8;\"><a style=\"color: #e8e8e8;\" href=\"http:\/\/www.cnct.fr\/\" target=\"_blank\" rel=\"noopener noreferrer\">| \u00a9Comit\u00e9 National Contre le Tabagisme |<\/a><\/span><\/p>\n<\/div>\n","protected":false},"excerpt":{"rendered":"<p>N\u00e9pal &#8211; Le Minist\u00e8re en charge de l\u2019administration a ordonn\u00e9 \u00e0 l\u2019ensemble de ses services d\u2019appliquer strictement la loi de 2011 sur les produits du tabac.<\/p>\n","protected":false},"featured_media":19548,"template":"","tags":[],"thematique":[499,491],"class_list":["post-19547","actualites","type-actualites","status-publish","has-post-thumbnail","hentry","thematique-lobby","thematique-politiques-publiques"],"acf":[],"_links":{"self":[{"href":"https:\/\/www.generationsanstabac.org\/fr\/wp-json\/wp\/v2\/actualites\/19547","targetHints":{"allow":["GET"]}}],"collection":[{"href":"https:\/\/www.generationsanstabac.org\/fr\/wp-json\/wp\/v2\/actualites"}],"about":[{"href":"https:\/\/www.generationsanstabac.org\/fr\/wp-json\/wp\/v2\/types\/actualites"}],"version-history":[{"count":0,"href":"https:\/\/www.generationsanstabac.org\/fr\/wp-json\/wp\/v2\/actualites\/19547\/revisions"}],"wp:featuredmedia":[{"embeddable":true,"href":"https:\/\/www.generationsanstabac.org\/fr\/wp-json\/wp\/v2\/media\/19548"}],"wp:attachment":[{"href":"https:\/\/www.generationsanstabac.org\/fr\/wp-json\/wp\/v2\/media?parent=19547"}],"wp:term":[{"taxonomy":"post_tag","embeddable":true,"href":"https:\/\/www.generationsanstabac.org\/fr\/wp-json\/wp\/v2\/tags?post=19547"},{"taxonomy":"thematique","embeddable":true,"href":"https:\/\/www.generationsanstabac.org\/fr\/wp-json\/wp\/v2\/thematique?post=19547"}],"curies":[{"name":"wp","href":"https:\/\/api.w.org\/{rel}","templated":true}]}}