{"id":19542,"date":"2020-01-24T11:17:29","date_gmt":"2020-01-24T10:17:29","guid":{"rendered":"https:\/\/www.generationsanstabac.org\/actualites\/ne-pas-fumer-quatre-semaines-avant-la-chirurgie-reduit-les-risques\/"},"modified":"2020-01-24T11:17:29","modified_gmt":"2020-01-24T10:17:29","slug":"ne-pas-fumer-quatre-semaines-avant-la-chirurgie-reduit-les-risques","status":"publish","type":"actualites","link":"https:\/\/www.generationsanstabac.org\/fr\/actualites\/ne-pas-fumer-quatre-semaines-avant-la-chirurgie-reduit-les-risques\/","title":{"rendered":"Ne pas fumer quatre semaines avant la chirurgie r\u00e9duit les risques"},"content":{"rendered":"<p style=\"text-align: justify;\">Un rapport de <a href=\"https:\/\/www.who.int\/news-room\/detail\/20-01-2020-smoking-greatly-increases-risk-of-complications-after-surgery\">l&rsquo;Organisation mondiale de la sant\u00e9<\/a> (OMS) publi\u00e9 le 20 janvier 2020 d\u00e9montre que les fumeurs qui arr\u00eatent de fumer quatre semaines ou plus avant une chirurgie pr\u00e9sentent moins de complications post-chirurgicales.  Cette \u00e9tude a \u00e9t\u00e9 co-\u00e9crite par l&rsquo;OMS, l&rsquo;Universit\u00e9 australienne de Newcastle et la F\u00e9d\u00e9ration mondiale des soci\u00e9t\u00e9s d&rsquo;anesth\u00e9siologistes.<\/p>\n<p style=\"text-align: justify;\">L&rsquo;\u00e9tude  r\u00e9v\u00e8le que les fumeurs courent un risque significativement plus \u00e9lev\u00e9 que les non-fumeurs de complications \u00e0 la fois li\u00e9es \u00e0 l\u2019anesth\u00e9sie et post-chirurgicales, telles que des troubles cardiaques et respiratoires, et des retards et alt\u00e9rations de cicatrisation avec infections des plaies. Ceci est d\u00fb \u00e0 la pr\u00e9sence de nombreux toxiques, dont le monoxyde de carbone, dans la fum\u00e9e des cigarettes qui alt\u00e8rent l\u2019oxyg\u00e9nation des tissus et les d\u00e9fenses immunitaires. L&rsquo;\u00e9tude d\u00e9montre que plus la dur\u00e9e de l\u2019arr\u00eat pr\u00e9op\u00e9ratoire est longue plus les b\u00e9n\u00e9fices sont importants, puisque chaque semaine additionnelle  sans tabac r\u00e9duit les risques de 19%.<\/p>\n<p style=\"text-align: justify;\">Le Dr Shams Syed, Coordonnateur qualit\u00e9 des soins de l&rsquo;OMS, a d\u00e9clar\u00e9: \u00ab<em>Les complications apr\u00e8s la chirurgie repr\u00e9sentent un lourd fardeau pour le prestataire de soins de sant\u00e9 et le patient. Les m\u00e9decins, les chirurgiens, les infirmi\u00e8res et les familles sont importants pour aider un patient \u00e0 arr\u00eater de fumer \u00e0 chaque \u00e9tape des soins, en particulier avant une op\u00e9ration<\/em>. \u00bb<\/p>\n<p><a href=\"https:\/\/www.generationsanstabac.org\/\" target=\"_blank\" rel=\"noopener noreferrer\">\u00a9G\u00e9n\u00e9ration Sans Tabac<\/a><\/p>\n<hr \/>\n<div class=\"entry-content\">\n<p><span style=\"color: #e8e8e8;\"><a style=\"color: #e8e8e8;\" href=\"http:\/\/www.cnct.fr\" target=\"_blank\" rel=\"noopener noreferrer\">| \u00a9Comit\u00e9 National Contre le Tabagisme |<\/a><\/span><\/p>\n<\/div>\n<div class=\"date-wrapper\">\n<div class=\"grid-container\"><\/div>\n<\/div>\n","protected":false},"excerpt":{"rendered":"<p>Un rapport de l&rsquo;OMS d\u00e9montre que les fumeurs qui arr\u00eatent de fumer avant la chirurgie pr\u00e9sentent moins de complications post-chirurgicales. <\/p>\n","protected":false},"featured_media":14942,"template":"","tags":[],"thematique":[474],"class_list":["post-19542","actualites","type-actualites","status-publish","has-post-thumbnail","hentry","thematique-sante"],"acf":[],"_links":{"self":[{"href":"https:\/\/www.generationsanstabac.org\/fr\/wp-json\/wp\/v2\/actualites\/19542","targetHints":{"allow":["GET"]}}],"collection":[{"href":"https:\/\/www.generationsanstabac.org\/fr\/wp-json\/wp\/v2\/actualites"}],"about":[{"href":"https:\/\/www.generationsanstabac.org\/fr\/wp-json\/wp\/v2\/types\/actualites"}],"version-history":[{"count":0,"href":"https:\/\/www.generationsanstabac.org\/fr\/wp-json\/wp\/v2\/actualites\/19542\/revisions"}],"wp:featuredmedia":[{"embeddable":true,"href":"https:\/\/www.generationsanstabac.org\/fr\/wp-json\/wp\/v2\/media\/14942"}],"wp:attachment":[{"href":"https:\/\/www.generationsanstabac.org\/fr\/wp-json\/wp\/v2\/media?parent=19542"}],"wp:term":[{"taxonomy":"post_tag","embeddable":true,"href":"https:\/\/www.generationsanstabac.org\/fr\/wp-json\/wp\/v2\/tags?post=19542"},{"taxonomy":"thematique","embeddable":true,"href":"https:\/\/www.generationsanstabac.org\/fr\/wp-json\/wp\/v2\/thematique?post=19542"}],"curies":[{"name":"wp","href":"https:\/\/api.w.org\/{rel}","templated":true}]}}