{"id":19535,"date":"2020-01-21T13:44:45","date_gmt":"2020-01-21T12:44:45","guid":{"rendered":"https:\/\/www.generationsanstabac.org\/actualites\/sensibiliser-sur-le-megot-loperation-de-greenwashing-des-buralistes\/"},"modified":"2020-01-21T13:44:45","modified_gmt":"2020-01-21T12:44:45","slug":"sensibiliser-sur-le-megot-loperation-de-greenwashing-des-buralistes","status":"publish","type":"actualites","link":"https:\/\/www.generationsanstabac.org\/fr\/actualites\/sensibiliser-sur-le-megot-loperation-de-greenwashing-des-buralistes\/","title":{"rendered":"Sensibiliser sur le m\u00e9got : l\u2019op\u00e9ration de greenwashing des buralistes"},"content":{"rendered":"<p style=\"text-align: justify;\">Men\u00e9e par Philippe Coy, la Conf\u00e9d\u00e9ration des Buralistes affiche depuis quelques jours sa volont\u00e9 de se mobiliser dans une op\u00e9ration de sensibilisation sur la question des m\u00e9gots. Si la pollution occasionn\u00e9e par les m\u00e9gots est aujourd\u2019hui un fait incontestable, ainsi qu\u2019un enjeu \u00e9cologique et sanitaire majeur pour les collectivit\u00e9s locales, il n\u2019en demeure pas moins que l\u2019industrie du tabac ne peut en aucun cas \u00eatre consid\u00e9r\u00e9e comme une solution de ce probl\u00e8me.<\/p>\n<p style=\"text-align: justify;\"><strong>\u00ab <em>Les filtres de cigarette sont un instrument de marketing sans aucune utilit\u00e9 pour la sant\u00e9 <\/em>\u00bb (Thomas Novotny, \u00e9pid\u00e9miologiste) <\/strong><\/p>\n<p style=\"text-align: justify;\">Tout d\u2019abord, il est utile de mentionner que, d\u2019un point de vue strictement m\u00e9dical, l\u2019existence du filtre ne trouve aucune justification. Ce dernier a en effet \u00e9t\u00e9 invent\u00e9 par l\u2019industrie du tabac pour faire croire \u00e0 une moindre dangerosit\u00e9 de la cigarette. La r\u00e9alit\u00e9 est bien diff\u00e9rente : le filtre permet au consommateur des bouff\u00e9s plus profondes et plus prolong\u00e9es dans les poumons.<\/p>\n<p style=\"text-align: justify;\">Ainsi, il s\u2019agit davantage d\u2019une op\u00e9ration de communication de la part des buralistes, destin\u00e9e \u00e0 redorer l\u2019image de la fili\u00e8re du tabac \u00e0 travers des op\u00e9rations portant sur le Responsabilit\u00e9 Sociale des Entreprises. Ce type d\u2019action rel\u00e8ve de fait d\u2019un contournement de l\u2019interdiction de publicit\u00e9 directe ou indirecte pour les produits du tabac, qui figure comme l\u2019un des premiers principes \u00e9nonc\u00e9s par la Convention-cadre de l\u2019OMS pour la lutte antitabac.<\/p>\n<p style=\"text-align: justify;\">La question des m\u00e9gots doit de ce fait \u00eatre pens\u00e9e autrement. Puisqu\u2019il appara\u00eet manifeste que les filtres n\u2019ont aucune fonction sanitaire, il est alors indispensable de les bannir des paquets de cigarettes. L\u2019enjeu des m\u00e9gots est par ailleurs colossal : il s\u2019agit de d\u00e9chets particuli\u00e8rement toxiques et ils repr\u00e9sentent 40% des d\u00e9chets de la mer M\u00e9diterran\u00e9e. Avec une dur\u00e9e moyenne de 10 ann\u00e9es pour \u00eatre d\u00e9compos\u00e9s ils participent activement \u00e0 la pollution des eaux et des sols.<\/p>\n<p><span style=\"color: #666699;\">\u00a9G\u00e9n\u00e9ration Sans Tabac<\/span><\/p>\n<hr \/>\n<p><span style=\"color: #e8e8e8;\">| \u00a9Comit\u00e9 National Contre le Tabagisme |<\/span><\/p>\n","protected":false},"excerpt":{"rendered":"<p>la Conf\u00e9d\u00e9ration des Buralistes affiche depuis quelques jours sa volont\u00e9 de se mobiliser dans une op\u00e9ration de sensibilisation sur la question des m\u00e9gots.<\/p>\n","protected":false},"featured_media":12015,"template":"","tags":[],"thematique":[480,499],"class_list":["post-19535","actualites","type-actualites","status-publish","has-post-thumbnail","hentry","thematique-environnement","thematique-lobby"],"acf":[],"_links":{"self":[{"href":"https:\/\/www.generationsanstabac.org\/fr\/wp-json\/wp\/v2\/actualites\/19535","targetHints":{"allow":["GET"]}}],"collection":[{"href":"https:\/\/www.generationsanstabac.org\/fr\/wp-json\/wp\/v2\/actualites"}],"about":[{"href":"https:\/\/www.generationsanstabac.org\/fr\/wp-json\/wp\/v2\/types\/actualites"}],"version-history":[{"count":0,"href":"https:\/\/www.generationsanstabac.org\/fr\/wp-json\/wp\/v2\/actualites\/19535\/revisions"}],"wp:featuredmedia":[{"embeddable":true,"href":"https:\/\/www.generationsanstabac.org\/fr\/wp-json\/wp\/v2\/media\/12015"}],"wp:attachment":[{"href":"https:\/\/www.generationsanstabac.org\/fr\/wp-json\/wp\/v2\/media?parent=19535"}],"wp:term":[{"taxonomy":"post_tag","embeddable":true,"href":"https:\/\/www.generationsanstabac.org\/fr\/wp-json\/wp\/v2\/tags?post=19535"},{"taxonomy":"thematique","embeddable":true,"href":"https:\/\/www.generationsanstabac.org\/fr\/wp-json\/wp\/v2\/thematique?post=19535"}],"curies":[{"name":"wp","href":"https:\/\/api.w.org\/{rel}","templated":true}]}}