{"id":19534,"date":"2020-01-21T13:32:14","date_gmt":"2020-01-21T12:32:14","guid":{"rendered":"https:\/\/www.generationsanstabac.org\/actualites\/japan-international-tobacco-adhere-a-france-vapotage-un-loup-dans-la-bergerie\/"},"modified":"2020-01-21T13:32:14","modified_gmt":"2020-01-21T12:32:14","slug":"japan-international-tobacco-adhere-a-france-vapotage-un-loup-dans-la-bergerie","status":"publish","type":"actualites","link":"https:\/\/www.generationsanstabac.org\/fr\/actualites\/japan-international-tobacco-adhere-a-france-vapotage-un-loup-dans-la-bergerie\/","title":{"rendered":"Japan International Tobacco adh\u00e8re \u00e0 France Vapotage : un loup dans la bergerie"},"content":{"rendered":"<p style=\"text-align: justify;\">L\u2019entreprise Japan Tobacco International (JTI) vient d\u2019adh\u00e9rer \u00e0 France Vapotage, la f\u00e9d\u00e9ration qui repr\u00e9sente et d\u00e9fend les int\u00e9r\u00eats de la fili\u00e8re de la cigarette \u00e9lectronique en France.<\/p>\n<p style=\"text-align: justify;\">Japan Tobacco International est l\u2019une des plus grandes soci\u00e9t\u00e9s de tabac dans le monde, elle est notamment propri\u00e9taires des marques Winston, Camel, ou encore LD. Cette adh\u00e9sion \u00e0 France Vapotage pose d\u2019autant plus question que la F\u00e9d\u00e9ration promeut la cigarette \u00e9lectronique comme un \u00ab <em>outil de sevrage incontestable<\/em><a href=\"#_ftn1\" name=\"_ftnref1\">[1]<\/a> \u00bb. Il est \u00e0 ce titre permis de douter de la cr\u00e9dibilit\u00e9 et de la sinc\u00e9rit\u00e9 d\u2019une multinationale comme Japan Tobacco dans un combat pour \u00ab <em>r\u00e9duire ou arr\u00eater [la] consommation de tabac<\/em> \u00bb, pourtant affich\u00e9 par France Vapotage.<\/p>\n<p style=\"text-align: justify;\">La strat\u00e9gie de Japan Tobacco International appara\u00eet bien diff\u00e9rente de celle affich\u00e9e par France Vapotage. Bien loin de consid\u00e9rer le vapotage comme un outil de sevrage tabagique, JTI voit dans la cigarette \u00e9lectronique un produit d\u2019initiation nicotinique et un produit d\u2019appel vers les produits du tabac pour les plus jeunes g\u00e9n\u00e9rations. De ce fait, il s\u2019agit d\u2019une op\u00e9ration de d\u00e9tournement de l\u2019objectif initial de la cigarette \u00e9lectronique, visant \u00e0 contrer le ph\u00e9nom\u00e8ne de d\u00e9crochage de la pr\u00e9valence tabagique que l\u2019on peut observer, notamment en France, o\u00f9 1,6 millions de personnes ont arr\u00eat\u00e9 de fumer depuis 2017.<\/p>\n<p style=\"text-align: justify;\">Il est d\u00e9montr\u00e9 depuis des d\u00e9cennies que l\u2019industrie du tabac s\u2019est syst\u00e9matiquement efforc\u00e9e \u00e0 miner, bloquer, ou vider de leur contenu toutes les politiques de sant\u00e9 quelles qu\u2019elles soient, et qu\u2019elle ne peut \u00eatre en aucun cas \u00eatre envisag\u00e9e comme un partenaire dans l\u2019\u00e9laboration de politiques publiques efficaces.<\/p>\n<p style=\"text-align: justify;\">Il s\u2019ensuit qu\u2019une organisation professionnelle dont les membres sont des fabricants de tabac ne peut \u00eatre partie prenante des politiques publiques de sant\u00e9, ainsi que le stipule la CCLAt dans l\u2019article 5.3, consacr\u00e9 aux modalit\u00e9s d\u2019interf\u00e9rence de l\u2019industrie du tabac \u00e0 travers les tierces parties<a href=\"#_ftn2\" name=\"_ftnref2\">[2]<\/a>.<\/p>\n<p><span style=\"color: #666699;\">\u00a9G\u00e9n\u00e9ration Sans Tabac<\/span><\/p>\n<hr \/>\n<p><em><a href=\"#_ftnref1\" name=\"_ftn1\">[1]<\/a> <a href=\"https:\/\/www.francevapotage.fr\/nos-10-propositions\">https:\/\/www.francevapotage.fr\/nos-10-propositions<\/a><\/em><\/p>\n<p><em><a href=\"#_ftnref2\" name=\"_ftn2\">[2]<\/a> <a href=\"https:\/\/apps.who.int\/iris\/bitstream\/handle\/10665\/42812\/9242591017.pdf;jsessionid=0EEC4E73052A7098A735B8C662182C48?sequence=1\">https:\/\/apps.who.int\/iris\/bitstream\/handle\/10665\/4281 \/9242591017.pdf;jsessionid=0EEC4E73052A7098A735B8C662182C48?sequence=1<\/a><\/em><\/p>\n<p><span style=\"color: #e8e8e8;\">| \u00a9Comit\u00e9 National Contre le Tabagisme |<\/span><\/p>\n","protected":false},"excerpt":{"rendered":"<p>Japan Tobacco International vient d\u2019adh\u00e9rer \u00e0 France Vapotage qui repr\u00e9sente et d\u00e9fend les int\u00e9r\u00eats de la fili\u00e8re de la cigarette \u00e9lectronique en France. <\/p>\n","protected":false},"featured_media":11226,"template":"","tags":[],"thematique":[499],"class_list":["post-19534","actualites","type-actualites","status-publish","has-post-thumbnail","hentry","thematique-lobby"],"acf":[],"_links":{"self":[{"href":"https:\/\/www.generationsanstabac.org\/fr\/wp-json\/wp\/v2\/actualites\/19534","targetHints":{"allow":["GET"]}}],"collection":[{"href":"https:\/\/www.generationsanstabac.org\/fr\/wp-json\/wp\/v2\/actualites"}],"about":[{"href":"https:\/\/www.generationsanstabac.org\/fr\/wp-json\/wp\/v2\/types\/actualites"}],"version-history":[{"count":0,"href":"https:\/\/www.generationsanstabac.org\/fr\/wp-json\/wp\/v2\/actualites\/19534\/revisions"}],"wp:featuredmedia":[{"embeddable":true,"href":"https:\/\/www.generationsanstabac.org\/fr\/wp-json\/wp\/v2\/media\/11226"}],"wp:attachment":[{"href":"https:\/\/www.generationsanstabac.org\/fr\/wp-json\/wp\/v2\/media?parent=19534"}],"wp:term":[{"taxonomy":"post_tag","embeddable":true,"href":"https:\/\/www.generationsanstabac.org\/fr\/wp-json\/wp\/v2\/tags?post=19534"},{"taxonomy":"thematique","embeddable":true,"href":"https:\/\/www.generationsanstabac.org\/fr\/wp-json\/wp\/v2\/thematique?post=19534"}],"curies":[{"name":"wp","href":"https:\/\/api.w.org\/{rel}","templated":true}]}}