{"id":19532,"date":"2020-01-20T11:28:31","date_gmt":"2020-01-20T10:28:31","guid":{"rendered":"https:\/\/www.generationsanstabac.org\/actualites\/rencontres-alliance-contre-le-tabac-denormalisation-tabac\/"},"modified":"2020-01-20T11:28:31","modified_gmt":"2020-01-20T10:28:31","slug":"rencontres-alliance-contre-le-tabac-denormalisation-tabac","status":"publish","type":"actualites","link":"https:\/\/www.generationsanstabac.org\/fr\/actualites\/rencontres-alliance-contre-le-tabac-denormalisation-tabac\/","title":{"rendered":"3\u00e8mes rencontres de l&rsquo;Alliance contre le tabac : \u00ab D\u00e9normalisation du tabac en France \u00bb"},"content":{"rendered":"<p style=\"text-align: justify;\">Le 28 janvier prochain se d\u00e9roulera la 3\u00e8me \u00e9dition des  rencontres associatives organis\u00e9es par l\u2019<a href=\"https:\/\/www.alliancecontreletabac.org\/\" target=\"_blank\" rel=\"noopener noreferrer\">Alliance Contre le Tabac<\/a>, coalition d\u2019organisations de la soci\u00e9t\u00e9 civile en France, engag\u00e9es dans la lutte contre le tabagisme.<\/p>\n<p style=\"text-align: justify;\">Cette ann\u00e9e le th\u00e8me retenu est celui des strat\u00e9gies de positionnement et de communication visant \u00e0 d\u00e9banaliser les produits du tabac en France.<\/p>\n<p style=\"text-align: justify;\">Cette conf\u00e9rence r\u00e9unissant acteurs de la soci\u00e9t\u00e9 civile, experts de sant\u00e9 publique, d\u00e9cideurs politiques, journalistes sera anim\u00e9e autour de quatre sessions et permettra d\u2019amorcer, au cours des interventions et \u00e9changes avec le public, une r\u00e9flexion pour repenser la mise en r\u00e9cit (ou storytelling) et les modalit\u00e9s de communication des acteurs de la lutte contre le tabagisme.<\/p>\n<p style=\"text-align: justify;\">Cette conf\u00e9rence constituera le pr\u00e9-lancement du projet triennal de l&rsquo;Alliance pour 2020-2022 \u00abD\u00e9normalisation du tabac en France \u00bb, retenu cette fin d\u2019ann\u00e9e par le fonds de lutte contre les addictions dans le cadre de son appel \u00e0 projets \u00ab Mobilisation de la soci\u00e9t\u00e9 civile \u00bb.<\/p>\n<p style=\"text-align: justify;\">Repenser la strat\u00e9gie de positionnement de la lutte anti-tabac et s&rsquo;approprier les modalit\u00e9s d&rsquo;actions de communication de l\u2019industrie du tabac pour faire v\u00e9ritablement chuter la pr\u00e9valence tabagique en France sera le sujet des d\u00e9bats et des \u00e9changes de cette journ\u00e9e.<\/p>\n<p style=\"text-align: justify;\"><em>Nous vous invitons \u00e0 vous inscrire aupr\u00e8s de Marion Catellin, directrice de l&rsquo;Alliance, par mail \u00e0 l\u2019adresse <\/em><a href=\"mailto:direction@alliancecontreletabac.org\"><em>direction@alliancecontreletabac.org<\/em><\/a><em> ou par t\u00e9l\u00e9phone au 06 50 54 69 06 au plus tard d\u2019ici le vendredi 25 janvier.<\/em><\/p>\n<p><span style=\"color: #666699;\">\u00a9G\u00e9n\u00e9ration Sans Tabac<\/span><\/p>\n<p><span style=\"color: #e8e8e8;\">| \u00a9 Comit\u00e9 National Contre le Tabagisme |<\/span><\/p>\n","protected":false},"excerpt":{"rendered":"<p>Le 28 janvier prochain se d\u00e9roulera la 3\u00e8me \u00e9dition des  rencontres associatives organis\u00e9es par l\u2019Alliance Contre le Tabac,<\/p>\n","protected":false},"featured_media":9687,"template":"","tags":[],"thematique":[474],"class_list":["post-19532","actualites","type-actualites","status-publish","has-post-thumbnail","hentry","thematique-sante"],"acf":[],"_links":{"self":[{"href":"https:\/\/www.generationsanstabac.org\/fr\/wp-json\/wp\/v2\/actualites\/19532","targetHints":{"allow":["GET"]}}],"collection":[{"href":"https:\/\/www.generationsanstabac.org\/fr\/wp-json\/wp\/v2\/actualites"}],"about":[{"href":"https:\/\/www.generationsanstabac.org\/fr\/wp-json\/wp\/v2\/types\/actualites"}],"version-history":[{"count":0,"href":"https:\/\/www.generationsanstabac.org\/fr\/wp-json\/wp\/v2\/actualites\/19532\/revisions"}],"wp:featuredmedia":[{"embeddable":true,"href":"https:\/\/www.generationsanstabac.org\/fr\/wp-json\/wp\/v2\/media\/9687"}],"wp:attachment":[{"href":"https:\/\/www.generationsanstabac.org\/fr\/wp-json\/wp\/v2\/media?parent=19532"}],"wp:term":[{"taxonomy":"post_tag","embeddable":true,"href":"https:\/\/www.generationsanstabac.org\/fr\/wp-json\/wp\/v2\/tags?post=19532"},{"taxonomy":"thematique","embeddable":true,"href":"https:\/\/www.generationsanstabac.org\/fr\/wp-json\/wp\/v2\/thematique?post=19532"}],"curies":[{"name":"wp","href":"https:\/\/api.w.org\/{rel}","templated":true}]}}