{"id":19519,"date":"2020-01-07T11:46:02","date_gmt":"2020-01-07T10:46:02","guid":{"rendered":"https:\/\/www.generationsanstabac.org\/actualites\/tabac-et-afrique-quand-la-suisse-exporte-les-cigarettes-dont-leurope-ne-veut-pas\/"},"modified":"2020-01-07T11:46:02","modified_gmt":"2020-01-07T10:46:02","slug":"tabac-et-afrique-quand-la-suisse-exporte-les-cigarettes-dont-leurope-ne-veut-pas","status":"publish","type":"actualites","link":"https:\/\/www.generationsanstabac.org\/fr\/actualites\/tabac-et-afrique-quand-la-suisse-exporte-les-cigarettes-dont-leurope-ne-veut-pas\/","title":{"rendered":"Tabac et Afrique : quand la Suisse exporte les cigarettes dont l\u2019Europe ne veut pas"},"content":{"rendered":"<p style=\"text-align: justify;\">L\u2019\u00e9volution du tabagisme en Afrique plonge ce continent dans une situation sanitaire pr\u00e9occupante :<\/p>\n<ul style=\"text-align: justify;\">\n<li>Entre 1986 et 2016, le nombre de fumeurs a augment\u00e9 de 52%. Dans la m\u00eame p\u00e9riode, on compte 33% de fumeurs de moins en Europe<a href=\"#_ftn1\" name=\"_ftnref1\">[1]<\/a>.<\/li>\n<li>D\u2019ici quelques ann\u00e9es, si rien n\u2019est fait, l\u2019Afrique sera la r\u00e9gion du monde o\u00f9 l\u2019on fumera le plus, selon un rapport de l\u2019Organisation Mondiale de la Sant\u00e9 (OMS<a href=\"#_ftn2\" name=\"_ftnref2\">[2]<\/a>).<\/li>\n<li>Comptant aujourd\u2019hui 80 millions de fumeurs, <strong>l\u2019Afrique devrait voir le nombre de d\u00e9c\u00e8s li\u00e9s \u00e0 la cigarette doubler d\u2019ici 2030<\/strong><a href=\"#_ftn3\" name=\"_ftnref3\">[3]<\/a>.<\/li>\n<\/ul>\n<p style=\"text-align: justify;\">Marie Maurisse, correspondante helv\u00e8te du Monde, a r\u00e9alis\u00e9 une investigation sur l\u2019industrie du tabac en Suisse<a href=\"#_ftn4\" name=\"_ftnref4\">[4]<\/a>. Gr\u00e2ce \u00e0 une l\u00e9gislation souple et une politique fiscale avantageuse, ce pays est aujourd\u2019hui un eldorado pour les cigarettiers, \u00e0 tel point que les trois plus grands groupes mondiaux du tabac y ont implant\u00e9 leur si\u00e8ge social : Philip Morris, British Tobacco, Japan Tobacco<strong>. <\/strong><\/p>\n<p style=\"text-align: justify;\"><strong>En Suisse, on estime que l\u2019industrie du tabac correspond \u00e0 1% du PIB national<\/strong>. Le pays est par ailleurs un grand exportateur de tabac (75% de sa production), dont une grande partie est destin\u00e9e aux consommateurs africains.<\/p>\n<p style=\"text-align: justify;\">Contrairement \u00e0 la France ou au Royaume-Uni, les industries du tabac en Suisse ont le droit d\u2019appliquer un double standard de fabrication, en fonction du pays d\u2019exportation. Autrement dit, les cigarettes suisses en circulation en Europe et celles commercialis\u00e9es en Afrique ne sont pas les m\u00eames. Ces cigarettes sont plus charg\u00e9es en goudrons, nicotine et peuvent inclure des ar\u00f4mes attractifs totalement interdits dor\u00e9navant en Union Europ\u00e9enne.<\/p>\n<p style=\"text-align: justify;\">Des analyses effectu\u00e9es au S\u00e9n\u00e9gal par le minist\u00e8re de la Sant\u00e9 \u00e0 la suite des r\u00e9v\u00e9lations de Marie Maurisse confirment les pratiques scandaleuses de Philip Morris. Il est aujourd\u2019hui attest\u00e9, selon les laboratoires s\u00e9n\u00e9galais, que les cigarettes vendues au S\u00e9n\u00e9gal pr\u00e9sentent des taux de particules totales, de nicotine et de monoxyde de carbone plus \u00e9lev\u00e9s que celles destin\u00e9es au march\u00e9 suisse et europ\u00e9en.<\/p>\n<p style=\"text-align: justify;\">La d\u00e9r\u00e9gulation des march\u00e9s dans les ann\u00e9es 80 a permis \u00e0 l\u2019industrie du tabac de s\u2019implanter dans le continent Africain, parfois \u00e0 renfort de strat\u00e9gies marketing agressives, incluant des campagnes publicitaires massives, de ventes de cigarettes \u00e0 l\u2019unit\u00e9, de promotions, de distributions gratuites, ou encore de sponsoring d\u2019\u00e9v\u00e9nements culturels<a href=\"#_ftn5\" name=\"_ftnref5\">[5]<\/a>. Ces pratiques agressives sont aujourd\u2019hui r\u00e9glement\u00e9es par l\u2019article 13 de la Convention-cadre de l\u2019Organisation Mondiale de la Sant\u00e9 de la lutte anti-tabac (CCLAT).<\/p>\n<p style=\"text-align: justify;\"><span style=\"color: #666699;\">\u00a9G\u00e9n\u00e9ration Sans Tabac<\/span><\/p>\n<hr \/>\n<p><strong>Source image :<\/strong><\/p>\n<p><em>Fig.1 : <a href=\"https:\/\/www.ladiplomatie.fr\/2018\/10\/24\/comment-lindustrie-du-tabac-simmisce-dans-les-legislations-africaines\/\">https:\/\/www.ladiplomatie.fr\/2018\/10\/24\/comment-lindustrie-du-tabac-simmisce-dans-les-legislations-africaines\/<\/a><\/em><\/p>\n<p><em><a href=\"#_ftnref1\" name=\"_ftn1\">[1]<\/a> <a href=\"http:\/\/ash.org.uk\/wp-content\/uploads\/2019\/07\/ASH-Factsheet_Developing-World_v3.pdf\">http:\/\/ash.org.uk\/wp-content\/uploads\/2019\/07\/ASH-Factsheet_Developing-World_v3.pdf<\/a><\/em><\/p>\n<p><em><a href=\"#_ftnref2\" name=\"_ftn2\">[2]<\/a> <a href=\"https:\/\/www.who.int\/mediacentre\/news\/notes\/2009\/tobacco_20091204\/fr\/\">https:\/\/www.who.int\/mediacentre\/news\/notes\/2009\/tobacco_20091204\/fr\/<\/a><\/em><\/p>\n<p><em><a href=\"#_ftnref3\" name=\"_ftn3\">[3]<\/a> <a href=\"https:\/\/www.youtube.com\/watch?v=_Qqala4kgHQ\">https:\/\/www.youtube.com\/watch?v=_Qqala4kgHQ<\/a><\/em><\/p>\n<p><em><a href=\"#_ftnref4\" name=\"_ftn4\">[4]<\/a> <a href=\"https:\/\/stories.publiceye.ch\/tabac\/\">https:\/\/stories.publiceye.ch\/tabac\/<\/a><\/em><\/p>\n<p><em><a href=\"#_ftnref5\" name=\"_ftn5\">[5]<\/a> <a href=\"https:\/\/www.francetvinfo.fr\/monde\/afrique\/societe-africaine\/lindustrie-du-tabac-vise-les-populations-vulnerables-en-afrique_3056231.html\">https:\/\/www.francetvinfo.fr\/monde\/afrique\/societe-africaine\/lindustrie-du-tabac-vise-les-populations-vulnerables-en-afrique_3056231.html<\/a><\/em><\/p>\n<p><span style=\"color: #e8e8e8;\">| \u00a9Comit\u00e9 National Contre le Tabagisme |<\/span><\/p>\n","protected":false},"excerpt":{"rendered":"<p>les cigarettes suisses en circulation en Europe et celles commercialis\u00e9es en Afrique ne sont pas les m\u00eames : plus charg\u00e9es en goudrons et nicotine<\/p>\n","protected":false},"featured_media":19511,"template":"","tags":[],"thematique":[499,474],"class_list":["post-19519","actualites","type-actualites","status-publish","has-post-thumbnail","hentry","thematique-lobby","thematique-sante"],"acf":[],"_links":{"self":[{"href":"https:\/\/www.generationsanstabac.org\/fr\/wp-json\/wp\/v2\/actualites\/19519","targetHints":{"allow":["GET"]}}],"collection":[{"href":"https:\/\/www.generationsanstabac.org\/fr\/wp-json\/wp\/v2\/actualites"}],"about":[{"href":"https:\/\/www.generationsanstabac.org\/fr\/wp-json\/wp\/v2\/types\/actualites"}],"version-history":[{"count":0,"href":"https:\/\/www.generationsanstabac.org\/fr\/wp-json\/wp\/v2\/actualites\/19519\/revisions"}],"wp:featuredmedia":[{"embeddable":true,"href":"https:\/\/www.generationsanstabac.org\/fr\/wp-json\/wp\/v2\/media\/19511"}],"wp:attachment":[{"href":"https:\/\/www.generationsanstabac.org\/fr\/wp-json\/wp\/v2\/media?parent=19519"}],"wp:term":[{"taxonomy":"post_tag","embeddable":true,"href":"https:\/\/www.generationsanstabac.org\/fr\/wp-json\/wp\/v2\/tags?post=19519"},{"taxonomy":"thematique","embeddable":true,"href":"https:\/\/www.generationsanstabac.org\/fr\/wp-json\/wp\/v2\/thematique?post=19519"}],"curies":[{"name":"wp","href":"https:\/\/api.w.org\/{rel}","templated":true}]}}