{"id":19515,"date":"2020-01-07T11:08:16","date_gmt":"2020-01-07T10:08:16","guid":{"rendered":"https:\/\/www.generationsanstabac.org\/actualites\/tabagisme-marqueur-social\/"},"modified":"2020-01-07T11:08:16","modified_gmt":"2020-01-07T10:08:16","slug":"tabagisme-marqueur-social","status":"publish","type":"actualites","link":"https:\/\/www.generationsanstabac.org\/fr\/actualites\/tabagisme-marqueur-social\/","title":{"rendered":"Le tabagisme, un marqueur social"},"content":{"rendered":"<p>En France, \u00e0 l\u2019instar de nombreux autres pays, le tabagisme est un marqueur social et concerne plus particuli\u00e8rement les populations pr\u00e9caires et ce, quel que soit l\u2019indicateur retenu : revenu, \u00e9ducation, activit\u00e9 professionnelle.<\/p>\n<p>Les derni\u00e8res donn\u00e9es de consommation parues dans le Bulletin Epid\u00e9miologique Hebdomadaire de Sant\u00e9 Publique France<a href=\"#_ftn1\" name=\"_ftnref1\"><sup>[1]<\/sup><\/a> confirment cette situation en d\u00e9pit d\u2019infl\u00e9chissements r\u00e9cents. L\u2019\u00e9volution depuis 2000, <strong>le met en exergue que tabagisme demeure un marqueur social puissant<\/strong>.<\/p>\n<p><strong>Ainsi, \u00e0 titre d\u2019exemples:<\/strong><\/p>\n<ul>\n<li>En 2000, la tranche de population fran\u00e7aise la plus ais\u00e9e comptabilisait en son sein 28,3% de fumeurs, contre 21,1% en 2018, soit une diminution de 7,2 points.<\/li>\n<li>Dans le m\u00eame temps, la tranche de population fran\u00e7aise la moins ais\u00e9e est pass\u00e9e de 31,4% \u00e0 32,6% de fumeurs, soit une augmentation de 1,2 point.<\/li>\n<\/ul>\n<p>Prendre des exemples avec l\u2019activit\u00e9 professionnelle : l\u2019importance du tabagisme parmi les ch\u00f4meurs et \u00e9galement selon le niveau d\u2019\u00e9ducation.<\/p>\n<p>Plusieurs facteurs expliquent cette situation parmi lesquels une moindre efficacit\u00e9 des messages de pr\u00e9vention aupr\u00e8s de ces personnes, moindre protection concernant les mesures d\u2019interdiction de fumer dans les lieux de travail pour des personnes ne b\u00e9n\u00e9ficiant pas d\u2019une telle activit\u00e9 professionnelle, environnement globalement plus fumeur avec une norme du tabagisme tr\u00e8s pr\u00e9gnante, absence de prise en charge des traitements d\u2019arr\u00eat jusqu\u2019\u00e0 une p\u00e9riode r\u00e9cente, tabagisme ancien et associ\u00e9 \u00e0 des indicateurs de forte d\u00e9pendance etc.  Il s\u2019ensuit qu\u2019aujourd\u2019hui, le tabagisme constitue le premier facteur d\u2019in\u00e9galit\u00e9 sociale en mati\u00e8re de sant\u00e9 avec une surmortalit\u00e9 parmi ces cat\u00e9gories sociales notamment explicable par le tabac.<\/p>\n<p>Cette situation a ainsi conduit au constat d\u2019une double peine : <strong>\u00ab <em>plus on est pauvre, plus on fume. Plus on est pauvre, plus le tabac est nocif<a href=\"#_ftn2\" name=\"_ftnref2\"><sup>[2]<\/sup><\/a><\/em> \u00bb<\/strong>. Ce constat l\u00e9gitime d\u2019autant plus la n\u00e9cessit\u00e9 de mettre en \u0153uvre l\u2019ensemble des mesures permettant de r\u00e9duire la consommation de tabac, notamment celles pour lesquelles l\u2019efficacit\u00e9 aupr\u00e8s des ces cat\u00e9gories de la population sont particuli\u00e8rement pertinentes : politique fiscale forte, prise en charge de l\u2019arr\u00eat, extension des lieux sans tabac, d\u00e9banalisation du tabagisme.<\/p>\n<p><span style=\"color: #666699;\">\u00a9G\u00e9n\u00e9ration Sans Tabac<\/span><\/p>\n<hr \/>\n<p><em><a href=\"#_ftnref1\" name=\"_ftn1\"><sup>[1]<\/sup><\/a> <a href=\"https:\/\/www.oncorif.fr\/wp-content\/uploads\/2019\/05\/BEH_2019_15.pdf\">https:\/\/www.oncorif.fr\/wp-content\/uploads\/2019\/05\/BEH_2019_15.pdf<\/a><\/em><\/p>\n<p><em><a href=\"#_ftnref2\" name=\"_ftn2\"><sup>[2]<\/sup><\/a> Le tabac : une menace pour le d\u00e9veloppement.<\/em><\/p>\n<p><em><a href=\"https:\/\/cnct.fr\/wp-content\/uploads\/2018\/11\/20170519_113532dp_cnct_jmst2017.pdf\">https:\/\/cnct.fr\/wp-content\/uploads\/2018\/11\/20170519_113532dp_cnct_jmst2017.pdf<\/a><\/em><\/p>\n<p><span style=\"color: #e8e8e8;\">| \u00a9Comit\u00e9 National Contre le Tabagisme |<\/span><\/p>\n","protected":false},"excerpt":{"rendered":"<p>En France, \u00e0 l\u2019instar de nombreux autres pays, le tabagisme est un marqueur social et concerne plus particuli\u00e8rement les populations pr\u00e9caires<\/p>\n","protected":false},"featured_media":19464,"template":"","tags":[],"thematique":[474],"class_list":["post-19515","actualites","type-actualites","status-publish","has-post-thumbnail","hentry","thematique-sante"],"acf":[],"_links":{"self":[{"href":"https:\/\/www.generationsanstabac.org\/fr\/wp-json\/wp\/v2\/actualites\/19515","targetHints":{"allow":["GET"]}}],"collection":[{"href":"https:\/\/www.generationsanstabac.org\/fr\/wp-json\/wp\/v2\/actualites"}],"about":[{"href":"https:\/\/www.generationsanstabac.org\/fr\/wp-json\/wp\/v2\/types\/actualites"}],"version-history":[{"count":0,"href":"https:\/\/www.generationsanstabac.org\/fr\/wp-json\/wp\/v2\/actualites\/19515\/revisions"}],"wp:featuredmedia":[{"embeddable":true,"href":"https:\/\/www.generationsanstabac.org\/fr\/wp-json\/wp\/v2\/media\/19464"}],"wp:attachment":[{"href":"https:\/\/www.generationsanstabac.org\/fr\/wp-json\/wp\/v2\/media?parent=19515"}],"wp:term":[{"taxonomy":"post_tag","embeddable":true,"href":"https:\/\/www.generationsanstabac.org\/fr\/wp-json\/wp\/v2\/tags?post=19515"},{"taxonomy":"thematique","embeddable":true,"href":"https:\/\/www.generationsanstabac.org\/fr\/wp-json\/wp\/v2\/thematique?post=19515"}],"curies":[{"name":"wp","href":"https:\/\/api.w.org\/{rel}","templated":true}]}}