{"id":19514,"date":"2020-01-07T10:31:44","date_gmt":"2020-01-07T09:31:44","guid":{"rendered":"https:\/\/www.generationsanstabac.org\/actualites\/le-tabagisme-des-sans-domicile-fixe-un-fleau-sanitaire-et-social\/"},"modified":"2020-01-07T10:31:44","modified_gmt":"2020-01-07T09:31:44","slug":"le-tabagisme-des-sans-domicile-fixe-un-fleau-sanitaire-et-social","status":"publish","type":"actualites","link":"https:\/\/www.generationsanstabac.org\/fr\/actualites\/le-tabagisme-des-sans-domicile-fixe-un-fleau-sanitaire-et-social\/","title":{"rendered":"Le tabagisme des sans domicile fixe, une population de fumeurs d\u00e9laiss\u00e9e"},"content":{"rendered":"<p>Selon une \u00e9tude parue en d\u00e9cembre 2016<a href=\"#_ftn1\" name=\"_ftnref1\">[1]<\/a>, on estime qu\u2019aux Etats-Unis, au moins <strong>70% des personnes sans domicile fixe (SDF) fument<\/strong>, soit quatre fois plus que la moyenne nationale, et deux fois et demie plus que la population d\u00e9favoris\u00e9e.<\/p>\n<p>Si les effets du tabagisme sont en d\u00e9calage avec la situation d\u2019urgence quotidienne  v\u00e9cue par ces personnes, les cons\u00e9quences de la consommation de tabac restent pourtant un  enjeu prioritaire pour cette population. Ainsi <strong>le tabagisme est l\u2019un des premiers facteurs de maladie et de d\u00e9c\u00e8s des personnes sans domicile fixe et aggrave des pathologies fr\u00e9quemment rencontr\u00e9es chez ces personnes : h\u00e9patite C, tuberculose, infection par le VIH, diab\u00e8te<\/strong>.<\/p>\n<p>Les maladies cardiovasculaires sont la premi\u00e8re cause de mortalit\u00e9 chez les SDF, qui ont par ailleurs deux fois plus de risques de souffrir de maladies pulmonaires obstructives que le reste de la population. Ainsi<strong>, le tabagisme contribue \u00e0 faire en sorte que les personnes  SDF ont au moins trois fois plus de risques de mourir pr\u00e9matur\u00e9ment par rapport \u00e0  la population g\u00e9n\u00e9rale<\/strong>.<\/p>\n<p><strong>L\u2019in\u00e9galit\u00e9 sociale dans le tabagisme se double d\u2019une in\u00e9galit\u00e9 dans l\u2019arr\u00eat de la consommation de tabac<\/strong>. Le manque d\u2019information sur les diff\u00e9rents risques, le peu de projection sur le long-terme, les conditions de survie stressantes, la banalisation de l\u2019usage de cette drogue, le manque de suivi m\u00e9dical et social sont autant de raisons qui expliquent les difficult\u00e9s rencontr\u00e9es par les SDF pour arr\u00eater le tabac.<\/p>\n<p>La population SDF compte en effet entre 20% et 30% de personnes souffrant de maladies mentales graves et 30% \u00e0 50% souffrent d\u2019une co-addiction. Ces maladies, tr\u00e8s souvent associ\u00e9es \u00e0 la consommation de tabac r\u00e9duisent les tentatives d\u2019arr\u00eat et constituent des facteurs de rechute.  A cela s\u2019ajoute la r\u00e9signation des professionnels de sant\u00e9 face au tabagisme des SDF et des difficult\u00e9s \u00e0 comprendre les comportements d\u00e9favorables \u00e0 la sant\u00e9 de ces personnes et en derni\u00e8re place, leur tabagisme.<\/p>\n<p>Pourtant, face \u00e0 ce constat, des <strong>options pourraient \u00eatre propos\u00e9es <\/strong>comme par exemple :<\/p>\n<ul>\n<li>La fourniture de documentation, en m\u00eame temps que la nourriture car les SDF voudraient majoritairement arr\u00eater de fumer;<\/li>\n<li>L\u2019ouverture de centres sp\u00e9cialis\u00e9s et gratuits, essentiels au suivi des SDF pour une vari\u00e9t\u00e9 de services : coiffeur, d\u00e9pistage du VIH, services dentaires gratuits, liste des h\u00e9bergements potentiels, aide \u00e0 l\u2019arr\u00eat du tabac ;<\/li>\n<li>La fourniture de repas gratuits dans les espaces publics o\u00f9 des aides \u00e0 l\u2019arr\u00eat du tabac pourraient \u00eatre propos\u00e9es en m\u00eame temps que des services de sant\u00e9 gratuits ;<\/li>\n<li>Une politique de logement adapt\u00e9e, avec essentiellement des espaces sans tabac et des espaces fumeurs restreints.<\/li>\n<\/ul>\n<p>Les exp\u00e9riences am\u00e9ricaines relat\u00e9es montrent que des services au plus pr\u00e8s de cette population peuvent permettre un d\u00e9but de prise en charge pour accrocher aux soins tabacologiques.<\/p>\n<p><span style=\"color: #666699;\">\u00a9G\u00e9n\u00e9ration Sans Tabac<\/span><\/p>\n<hr \/>\n<p><strong>Source :<\/strong><\/p>\n<p><em>Fig.1 : <a href=\"https:\/\/pixabay.com\/fr\/photos\/sans-abri-matelas-fume-assis-2527051\/\">https:\/\/pixabay.com\/fr\/photos\/sans-abri-matelas-fume-assis-2527051\/<\/a><\/em><\/p>\n<p><em><a href=\"#_ftnref1\" name=\"_ftn1\">[1]<\/a> <a href=\"https:\/\/www.publichealthlawcenter.org\/sites\/default\/files\/resources\/tclc-homeless-tobacco-FAQ-2016.pdf\">https:\/\/www.publichealthlawcenter.org\/sites\/default\/files\/resources\/tclc-homeless-tobacco-FAQ-2016.pdf<\/a><\/em><\/p>\n<p><span style=\"color: #e8e8e8;\">| \u00a9Comit\u00e9 National Contre le Tabagisme |<\/span><\/p>\n","protected":false},"excerpt":{"rendered":"<p>Le tabagisme contribue \u00e0 faire en sorte que les sans domicile fixe, ont trois fois plus de risque qu\u2019une autre personne de mourir pr\u00e9matur\u00e9ment. <\/p>\n","protected":false},"featured_media":14917,"template":"","tags":[],"thematique":[474],"class_list":["post-19514","actualites","type-actualites","status-publish","has-post-thumbnail","hentry","thematique-sante"],"acf":[],"_links":{"self":[{"href":"https:\/\/www.generationsanstabac.org\/fr\/wp-json\/wp\/v2\/actualites\/19514","targetHints":{"allow":["GET"]}}],"collection":[{"href":"https:\/\/www.generationsanstabac.org\/fr\/wp-json\/wp\/v2\/actualites"}],"about":[{"href":"https:\/\/www.generationsanstabac.org\/fr\/wp-json\/wp\/v2\/types\/actualites"}],"version-history":[{"count":0,"href":"https:\/\/www.generationsanstabac.org\/fr\/wp-json\/wp\/v2\/actualites\/19514\/revisions"}],"wp:featuredmedia":[{"embeddable":true,"href":"https:\/\/www.generationsanstabac.org\/fr\/wp-json\/wp\/v2\/media\/14917"}],"wp:attachment":[{"href":"https:\/\/www.generationsanstabac.org\/fr\/wp-json\/wp\/v2\/media?parent=19514"}],"wp:term":[{"taxonomy":"post_tag","embeddable":true,"href":"https:\/\/www.generationsanstabac.org\/fr\/wp-json\/wp\/v2\/tags?post=19514"},{"taxonomy":"thematique","embeddable":true,"href":"https:\/\/www.generationsanstabac.org\/fr\/wp-json\/wp\/v2\/thematique?post=19514"}],"curies":[{"name":"wp","href":"https:\/\/api.w.org\/{rel}","templated":true}]}}