{"id":19512,"date":"2020-01-07T09:29:20","date_gmt":"2020-01-07T08:29:20","guid":{"rendered":"https:\/\/www.generationsanstabac.org\/actualites\/le-fleau-sanitaire-croissant-du-tabagisme-dans-les-pays-en-voie-de-developpement\/"},"modified":"2020-01-07T09:29:20","modified_gmt":"2020-01-07T08:29:20","slug":"le-fleau-sanitaire-croissant-du-tabagisme-dans-les-pays-en-voie-de-developpement","status":"publish","type":"actualites","link":"https:\/\/www.generationsanstabac.org\/fr\/actualites\/le-fleau-sanitaire-croissant-du-tabagisme-dans-les-pays-en-voie-de-developpement\/","title":{"rendered":"Le fl\u00e9au sanitaire croissant du tabagisme dans les pays en voie de d\u00e9veloppement"},"content":{"rendered":"<p style=\"text-align: justify;\">En 2019, la population mondiale compte 7,7 milliards d\u2019habitants, dont environ 1,1 milliard de fumeurs, la plupart dans les pays en voie de d\u00e9veloppement. Pour autant, selon une \u00e9tude publi\u00e9e par l\u2019OMS<a href=\"#_ftn1\" name=\"_ftnref1\">[1]<\/a> (Organisation Mondiale de la Sant\u00e9), 80% de ceux-ci se concentrent dans les pays \u00e0 faibles et moyens niveaux de revenus.<\/p>\n<p style=\"text-align: justify;\">Si aujourd\u2019hui 7,1 millions de personnes meurent chaque ann\u00e9e en raison d\u2019une consommation directe ou indirecte de tabac, le m\u00eame organisme tire la sonnette d\u2019alarme sur la forte probabilit\u00e9 que ce chiffre atteigne <strong>8 millions de morts par an d\u2019ici \u00e0 2030<\/strong>.<\/p>\n<p style=\"text-align: justify;\">Et pour cause, le nombre de fumeurs dans les pays en voie de d\u00e9veloppement ne cesse d\u2019augmenter au fil des ann\u00e9es. Cette tendance se v\u00e9rifie d\u2019ailleurs particuli\u00e8rement aupr\u00e8s des jeunes populations. Ainsi, on compte en proportion quatre fois plus d\u2019adolescents fumeurs dans ces r\u00e9gions du monde qu\u2019au Royaume-Uni.<\/p>\n<p style=\"text-align: justify;\">Le d\u00e9veloppement de l\u2019\u00e9pid\u00e9mie tabagique selon les cat\u00e9gories de pays : pays pauvres et pays riches suit une \u00e9volution actuellement oppos\u00e9e. Ainsi, <strong>entre 1986 et 2016, l\u2019Europe a r\u00e9duit sa consommation de tabac de 33%, et les Etats-Unis de 44%, l\u00e0 o\u00f9 le Moyen-Orient et l\u2019Afrique ont respectivement accus\u00e9 des hausses de 65% et 52%<\/strong><a href=\"#_ftn2\" name=\"_ftnref2\">[2]<\/a>.<\/p>\n<p style=\"text-align: justify;\">Entre <strong>2005 et 2030, on estime que le tabagisme aura entra\u00een\u00e9 40 millions de d\u00e9c\u00e8s dans les pays d\u00e9velopp\u00e9s, et il atteindra 135 millions dans les pays en voie de d\u00e9veloppement<\/strong>, soit plus de trois fois plus.<\/p>\n<p style=\"text-align: justify;\">En effet, dans ces r\u00e9gions, le nombre de d\u00e9c\u00e8s et de maladies va consid\u00e9rablement augmenter lors de ces prochaines ann\u00e9es, repr\u00e9sentant par ailleurs des co\u00fbts financiers de plus en plus lourds \u00e0 assumer par des pays aux finances publiques souvent fragiles.<\/p>\n<p style=\"text-align: justify;\">Les d\u00e9penses de tabac repr\u00e9sentent d\u2019ailleurs pour les familles des sommes cons\u00e9quentes, r\u00e9duisant consid\u00e9rablement leur pouvoir d\u2019achat, et augmentant ainsi leur ins\u00e9curit\u00e9 alimentaire. Ainsi, on consid\u00e8re qu\u2019en Indon\u00e9sie, les sommes d\u00e9pens\u00e9es en tabac par les fumeurs les plus pauvres sont 14 fois plus importantes que celles pour la viande, sept fois celles pour l\u2019\u00e9ducation et onze fois celles pour la sant\u00e9. On estime de cette fa\u00e7on que le tabac peut repr\u00e9senter jusqu\u2019\u00e0 40% du budget pour les m\u00e9nages pauvres, r\u00e9duisant ainsi m\u00e9caniquement les ressources disponibles pour l\u2019alimentation, l\u2019\u00e9ducation ou la sant\u00e9 des enfants<a href=\"#_ftn3\" name=\"_ftnref3\">[3]<\/a>.<\/p>\n<p style=\"text-align: justify;\"><span style=\"color: #666699;\">\u00a9G\u00e9n\u00e9ration Sans Tabac<\/span><\/p>\n<hr \/>\n<p><strong>Sources :<\/strong><\/p>\n<p><em><a href=\"http:\/\/www.atoo.ci\/2019\/05\/31\/le-tabac-tue-5000-personnes-par-an-en-cote-divoire\/\">http:\/\/www.atoo.ci\/2019\/05\/31\/le-tabac-tue-5000-personnes-par-an-en-cote-divoire\/<\/a><\/em><\/p>\n<p><em><a href=\"#_ftnref1\" name=\"_ftn1\">[1]<\/a> <a href=\"https:\/\/www.who.int\/news-room\/fact-sheets\/detail\/tobacco\">https:\/\/www.who.int\/news-room\/fact-sheets\/detail\/tobacco<\/a><\/em><\/p>\n<p><em><a href=\"#_ftnref2\" name=\"_ftn2\">[2]<\/a> <a href=\"http:\/\/ash.org.uk\/wp-content\/uploads\/2019\/07\/ASH-Factsheet_Developing-World_v3.pdf\">http:\/\/ash.org.uk\/wp-content\/uploads\/2019\/07\/ASH-Factsheet_Developing-World_v3.pdf<\/a><\/em><\/p>\n<p><em><a href=\"#_ftnref3\" name=\"_ftn3\">[3]<\/a> <a href=\"https:\/\/www.idrc.ca\/fr\/stories\/tabagisme-lafrique-contre-attaque\">https:\/\/www.idrc.ca\/fr\/stories\/tabagisme-lafrique-contre-attaque<\/a><\/em><\/p>\n<p><span style=\"color: #e8e8e8;\">| \u00a9Comit\u00e9 National Contre le Tabagisme |<\/span><\/p>\n","protected":false},"excerpt":{"rendered":"<p>Le nombre de fumeurs dans les pays en voie de d\u00e9veloppement ne cesse d\u2019augmenter au fil des ann\u00e9es particuli\u00e8rement aupr\u00e8s des jeunes populations.<\/p>\n","protected":false},"featured_media":19448,"template":"","tags":[],"thematique":[474],"class_list":["post-19512","actualites","type-actualites","status-publish","has-post-thumbnail","hentry","thematique-sante"],"acf":[],"_links":{"self":[{"href":"https:\/\/www.generationsanstabac.org\/fr\/wp-json\/wp\/v2\/actualites\/19512","targetHints":{"allow":["GET"]}}],"collection":[{"href":"https:\/\/www.generationsanstabac.org\/fr\/wp-json\/wp\/v2\/actualites"}],"about":[{"href":"https:\/\/www.generationsanstabac.org\/fr\/wp-json\/wp\/v2\/types\/actualites"}],"version-history":[{"count":0,"href":"https:\/\/www.generationsanstabac.org\/fr\/wp-json\/wp\/v2\/actualites\/19512\/revisions"}],"wp:featuredmedia":[{"embeddable":true,"href":"https:\/\/www.generationsanstabac.org\/fr\/wp-json\/wp\/v2\/media\/19448"}],"wp:attachment":[{"href":"https:\/\/www.generationsanstabac.org\/fr\/wp-json\/wp\/v2\/media?parent=19512"}],"wp:term":[{"taxonomy":"post_tag","embeddable":true,"href":"https:\/\/www.generationsanstabac.org\/fr\/wp-json\/wp\/v2\/tags?post=19512"},{"taxonomy":"thematique","embeddable":true,"href":"https:\/\/www.generationsanstabac.org\/fr\/wp-json\/wp\/v2\/thematique?post=19512"}],"curies":[{"name":"wp","href":"https:\/\/api.w.org\/{rel}","templated":true}]}}