{"id":19508,"date":"2020-01-06T15:42:27","date_gmt":"2020-01-06T14:42:27","guid":{"rendered":"https:\/\/www.generationsanstabac.org\/actualites\/la-legislation-au-senegal-des-mesures-fortes-pour-reduire-la-consommation-de-tabac\/"},"modified":"2020-01-06T15:42:27","modified_gmt":"2020-01-06T14:42:27","slug":"la-legislation-au-senegal-des-mesures-fortes-pour-reduire-la-consommation-de-tabac","status":"publish","type":"actualites","link":"https:\/\/www.generationsanstabac.org\/fr\/actualites\/la-legislation-au-senegal-des-mesures-fortes-pour-reduire-la-consommation-de-tabac\/","title":{"rendered":"La l\u00e9gislation au S\u00e9n\u00e9gal, des mesures fortes pour r\u00e9duire la consommation de tabac"},"content":{"rendered":"<p style=\"text-align: justify;\">L\u2019Afrique est au centre d\u2019une politique de pr\u00e9dation de la part de l\u2019industrie du tabac, qui voit dans ce continent, ses 70 millions de fumeurs et sa forte croissance d\u00e9mographique un nouveau march\u00e9 \u00e0 conqu\u00e9rir. Cette conqu\u00eate a \u00e9t\u00e9 facilit\u00e9e par l\u2019absence fr\u00e9quente de l\u00e9gislations de lutte contre le tabagisme, un fort niveau de corruption dans certains pays et une strat\u00e9gie marketing agressive. Les perspectives concernant le continent si rien n\u2019est fait sont donc particuli\u00e8rement sombres : <strong>l\u2019industrie du tabac devrait voir son nombre de clients doubler en Afrique<\/strong>, dans l\u2019horizon 2030<a href=\"#_ftn1\" name=\"_ftnref1\">[1]<\/a>.<\/p>\n<p style=\"text-align: justify;\">Toutefois, face \u00e0 ce fl\u00e9au aux effets de plus en plus manifestes, les pays africains se sont mobilis\u00e9s et ont \u00e9t\u00e9 actifs lors des n\u00e9gociations de la Convention Cadre pour la Lutte Antitabac au d\u00e9but des ann\u00e9es 2000. Depuis lors, la plupart des pays ont ratifi\u00e9 le trait\u00e9 et de plus en plus de pays ont mis en place des l\u00e9gislations et politiques publiques volontaires dans le domaine. C\u2019est notamment le cas du S\u00e9n\u00e9gal, qui s\u2019est engag\u00e9 dans une lutte contre le tabagisme d\u00e8s 2014<a href=\"#_ftn2\" name=\"_ftnref2\">[2]<\/a>, \u00e0 travers une loi coh\u00e9rente, visant \u00e0 <strong>\u00ab <em>contrer les strat\u00e9gies utilis\u00e9es par l\u2019industrie du tabac pour interf\u00e9rer dans les politiques de sant\u00e9<\/em><\/strong><em>, miner les efforts de lutte anti-tabac et s\u2019opposer aux mesures allant \u00e0 l\u2019encontre de ses int\u00e9r\u00eats financier<a href=\"#_ftn3\" name=\"_ftnref3\"><strong>[3]<\/strong><\/a>s<\/em> \u00bb.<\/p>\n<p style=\"text-align: justify;\">Entr\u00e9e en vigueur en juillet 2016 apr\u00e8s signature du pr\u00e9sident de la R\u00e9publique s\u00e9n\u00e9galaise, Macky Sall, la loi interdit d\u00e9sormais de fumer dans les lieux. Par ailleurs, <strong>la vente de tabac aux mineurs a \u00e9t\u00e9 interdite<\/strong>, comme la commercialisation de cigarettes \u00e0 moins de 200 m\u00e8tres d\u2019une \u00e9cole ou d\u2019un h\u00f4pital. <strong>La publicit\u00e9 directe ou indirecte du tabac est \u00e9galement proscrite<\/strong>, sous peine de lourdes amendes et d\u2019un \u00e0 trois ans d\u2019emprisonnement. Depuis le 26 ao\u00fbt 2016 enfin, les paquets sont recouverts \u00e0 70% de messages et d\u2019images sanitaires indiquant les dangers encourus par un fumeur<a href=\"#_ftn4\" name=\"_ftnref4\">[4]<\/a>. Enfin, les cigarettes ne pourront plus \u00eatre vendues \u00e0 l\u2019unit\u00e9.<\/p>\n<p style=\"text-align: justify;\">Egalement observ\u00e9e au Tchad, \u00e0 Madagascar, en Afrique du Sud, en Ouganda, au Benin, au Niger, au Kenya, au Togo  ou dans l\u2019\u00cele Maurice, cette prise en main de la question sanitaire, \u00e9conomique et environnementale que constitue le tabagisme va dans le bon sens et doit \u00eatre poursuivie.<\/p>\n<p><span style=\"color: #666699;\">\u00a9G\u00e9n\u00e9ration Sans Tabac<\/span><\/p>\n<hr \/>\n<p><em><strong>Source pour l\u2019image :<\/strong> <a href=\"https:\/\/www.quebecscience.qc.ca\/sante\/tabagisme-lafrique-contre-attaque\/\">https:\/\/www.quebecscience.qc.ca\/sante\/tabagisme-lafrique-contre-attaque\/<\/a><\/em><\/p>\n<p><em><a href=\"#_ftnref1\" name=\"_ftn1\">[1]<\/a> <a href=\"https:\/\/www.pourquoidocteur.fr\/Articles\/Question-d-actu\/24841-L-Afrique-nouvel-Eldorado-lobbys-tabac\">https:\/\/www.pourquoidocteur.fr\/Articles\/Question-d-actu\/24841-L-Afrique-nouvel-Eldorado-lobbys-tabac<\/a><\/em><\/p>\n<p><em><a href=\"#_ftnref2\" name=\"_ftn2\">[2]<\/a> <a href=\"http:\/\/afrique.le360.ma\/senegal\/societe\/2016\/08\/18\/4896-senegal-que-dit-la-loi-anti-tabac-4896\">http:\/\/afrique.le360.ma\/senegal\/societe\/2016\/08\/18\/4896-senegal-que-dit-la-loi-anti-tabac-4896<\/a><\/em><\/p>\n<p><em><a href=\"#_ftnref3\" name=\"_ftn3\">[3]<\/a> <a href=\"https:\/\/www.francetvinfo.fr\/monde\/afrique\/societe-africaine\/le-senegal-un-exemple-de-la-lutte-anti-tabac-en-afrique_3059463.html\">https:\/\/www.francetvinfo.fr\/monde\/afrique\/societe-africaine\/le-senegal-un-exemple-de-la-lutte-anti-tabac-en-afrique_3059463.html<\/a><\/em><\/p>\n<p><em><a href=\"#_ftnref4\" name=\"_ftn4\">[4]<\/a> <a href=\"https:\/\/www.tobaccofreekids.org\/assets\/global\/pdfs\/fr\/WL_status_report_fr.pdf\">https:\/\/www.tobaccofreekids.org\/assets\/global\/pdfs\/fr\/WL_status_report_fr.pdf<\/a><\/em><\/p>\n<p><span style=\"color: #e8e8e8;\">| \u00a9Comit\u00e9 National Contre le Tabagisme |<\/span><\/p>\n","protected":false},"excerpt":{"rendered":"<p>Le S\u00e9n\u00e9gal s\u2019est engag\u00e9 dans une lutte contre le tabagisme d\u00e8s 2014, \u00e0 travers une loi visant \u00e0 contrer les strat\u00e9gies utilis\u00e9es par l\u2019industrie du tabac<\/p>\n","protected":false},"featured_media":19509,"template":"","tags":[],"thematique":[491,474],"class_list":["post-19508","actualites","type-actualites","status-publish","has-post-thumbnail","hentry","thematique-politiques-publiques","thematique-sante"],"acf":[],"_links":{"self":[{"href":"https:\/\/www.generationsanstabac.org\/fr\/wp-json\/wp\/v2\/actualites\/19508","targetHints":{"allow":["GET"]}}],"collection":[{"href":"https:\/\/www.generationsanstabac.org\/fr\/wp-json\/wp\/v2\/actualites"}],"about":[{"href":"https:\/\/www.generationsanstabac.org\/fr\/wp-json\/wp\/v2\/types\/actualites"}],"version-history":[{"count":0,"href":"https:\/\/www.generationsanstabac.org\/fr\/wp-json\/wp\/v2\/actualites\/19508\/revisions"}],"wp:featuredmedia":[{"embeddable":true,"href":"https:\/\/www.generationsanstabac.org\/fr\/wp-json\/wp\/v2\/media\/19509"}],"wp:attachment":[{"href":"https:\/\/www.generationsanstabac.org\/fr\/wp-json\/wp\/v2\/media?parent=19508"}],"wp:term":[{"taxonomy":"post_tag","embeddable":true,"href":"https:\/\/www.generationsanstabac.org\/fr\/wp-json\/wp\/v2\/tags?post=19508"},{"taxonomy":"thematique","embeddable":true,"href":"https:\/\/www.generationsanstabac.org\/fr\/wp-json\/wp\/v2\/thematique?post=19508"}],"curies":[{"name":"wp","href":"https:\/\/api.w.org\/{rel}","templated":true}]}}