{"id":19506,"date":"2020-01-06T15:16:16","date_gmt":"2020-01-06T14:16:16","guid":{"rendered":"https:\/\/www.generationsanstabac.org\/actualites\/culture-du-tabac-exploitation-des-enfants\/"},"modified":"2025-12-30T11:35:22","modified_gmt":"2025-12-30T10:35:22","slug":"culture-du-tabac-exploitation-des-enfants","status":"publish","type":"actualites","link":"https:\/\/www.generationsanstabac.org\/fr\/actualites\/culture-du-tabac-exploitation-des-enfants\/","title":{"rendered":"Culture du tabac : l\u2019exploitation des enfants"},"content":{"rendered":"<p style=\"text-align: justify\">Selon le British Medical Journal, la lutte mondiale contre l\u2019exploitation des enfants est un \u00e9chec. En effet, avec pr\u00e8s d&rsquo; <strong>1,5 millions de travailleurs enfants<\/strong>, ce ph\u00e9nom\u00e8ne reste aujourd\u2019hui banalis\u00e9, voire en hausse dans certains pays. On estime qu\u2019une part significative de ces enfants est employ\u00e9e dans la culture et la fabrication de tabac<a href=\"#_ftn1\" name=\"_ftnref1\"><sup>[1]<\/sup><\/a>. Bien qu\u2019il soit impossible d\u2019\u00e9tablir des chiffres pr\u00e9cis, cette pratique concernerait plusieurs millions d\u2019enfants \u00e0 travers le monde, majoritairement concentr\u00e9s dans les pays exportateurs de tabac, \u00e0 l\u2019instar du Malawi, du Zimbabwe, du Bangladesh ou de l\u2019Indon\u00e9sie.<\/p>\n<p style=\"text-align: justify\">Le travail et l&rsquo;exploitation des enfants, en soi d\u00e9j\u00e0 scandaleux, est ici encore plus probl\u00e9matique, et ce pour deux raisons.<\/p>\n<ul style=\"text-align: justify\">\n<li><u>Assignation \u00e0 la pauvret\u00e9 et absence d\u2019avenir pour les enfants<\/u><\/li>\n<\/ul>\n<p style=\"text-align: justify\">La culture du tabac demande une quantit\u00e9 de travail particuli\u00e8rement consid\u00e9rable. Pour chaque hectare cultiv\u00e9, 3 000 heures de travail par personne sont n\u00e9cessaires, contre 265 pour une surface \u00e9quivalente de ma\u00efs. <strong>Les enfants sont ainsi amen\u00e9s \u00e0 r\u00e9aliser des journ\u00e9es de travail pouvant aller jusqu\u2019\u00e0 douze heures<\/strong>, la plupart du temps sous une chaleur \u00e9crasante. La plupart d\u2019entre eux \u00e9tant d\u00e9scolaris\u00e9s tr\u00e8s jeunes, aucune perspective d\u2019am\u00e9lioration de leur condition ne s\u2019offre \u00e0 eux, entra\u00eenant une <strong>pauvret\u00e9 multi-g\u00e9n\u00e9rationnelle<a href=\"#_ftn2\" name=\"_ftnref2\"><sup>[2]<\/sup><\/a><\/strong>.<\/p>\n<ul style=\"text-align: justify\">\n<li><u>Une mise en danger de la sant\u00e9 physique et c\u00e9r\u00e9brale de l\u2019enfant<\/u><\/li>\n<\/ul>\n<p style=\"text-align: justify\">Alors que de grandes quantit\u00e9s de produits chimiques sont utilis\u00e9es pour la culture du tabac (insecticides, pesticides, fongicides, engrais), la plupart des petits exploitants travaillent sans la moindre protection, et souvent sans conna\u00eetre les risques sanitaires auxquels ils s\u2019exposent. Travaillant \u00e0 mains nues, le r\u00e9coltant absorbe une partie de la nicotine pr\u00e9sente dans les feuilles de tabac. Selon Plan International, <strong>jusqu\u2019\u00e0 54 milligrammes de nicotine peuvent finir chaque jour dans l\u2019organisme des enfants, soit l\u2019\u00e9quivalent de 50 cigarettes<a href=\"#_ftn3\" name=\"_ftnref3\"><sup>[3]<\/sup><\/a><\/strong>. Dans de telles quantit\u00e9s, cette substance neurotoxique provoque une grave intoxication \u00e0 la nicotine : la maladie du tabac vert provoque des naus\u00e9es, des vomissements, des maux de t\u00eate et des vertiges. <strong>Ce ph\u00e9nom\u00e8ne est d\u2019autant plus inqui\u00e9tant qu\u2019il affecte le d\u00e9veloppement cognitif de l\u2019enfant<\/strong>.<\/p>\n<p><span style=\"color: #666699\">\u00a9G\u00e9n\u00e9ration Sans Tabac<\/span><\/p>\n<hr \/>\n<p><em><strong>Source image :<\/strong><\/em><\/p>\n<p><em><a href=\"https:\/\/cnct.fr\/la-culture-du-tabac-est-liee-a-une-consommation-elevee-de-pesticides\/\">https:\/\/cnct.fr\/la-culture-du-tabac-est-liee-a-une-consommation-elevee-de-pesticides\/<\/a><\/em><\/p>\n<p><em><a href=\"#_ftnref1\" name=\"_ftn1\"><sup>[1]<\/sup><\/a> <a href=\"https:\/\/blogs.bmj.com\/tc\/2018\/06\/12\/ending-child-labour-in-tobacco-production-by-2025-the-tobacco-industry-is-the-problem-not-part-of-the-solution\/\">https:\/\/blogs.bmj.com\/tc\/2018\/06\/12\/ending-child-labour-in-tobacco-production-by-2025-the-tobacco-industry-is-the-problem-not-part-of-the-solution\/<\/a><\/em><\/p>\n<p><em><a href=\"#_ftnref2\" name=\"_ftn2\"><sup>[2]<\/sup><\/a> <a href=\"https:\/\/www.stop-tabac.ch\/fr\/la-culture-du-tabac\">https:\/\/www.stop-tabac.ch\/fr\/la-culture-du-tabac<\/a><\/em><\/p>\n<p><em><a href=\"#_ftnref3\" name=\"_ftn3\"><sup>[3]<\/sup><\/a> <a href=\"https:\/\/cnct.fr\/actualites\/industrie-tabac-exploite-enfants\/\">https:\/\/cnct.fr\/actualites\/industrie-tabac-exploite-enfants\/<\/a><\/em><\/p>\n<p><span style=\"color: #e8e8e8\">| \u00a9Comit\u00e9 National Contre le Tabagisme |<\/span><\/p>\n","protected":false},"excerpt":{"rendered":"<p>Selon le British Medical Journal, la lutte mondiale contre l\u2019exploitation des enfants est un \u00e9chec. En effet, avec 152 millions de travailleurs enfants.<\/p>\n","protected":false},"featured_media":19448,"template":"","tags":[],"thematique":[480,474],"class_list":["post-19506","actualites","type-actualites","status-publish","has-post-thumbnail","hentry","thematique-environnement","thematique-sante"],"acf":[],"_links":{"self":[{"href":"https:\/\/www.generationsanstabac.org\/fr\/wp-json\/wp\/v2\/actualites\/19506","targetHints":{"allow":["GET"]}}],"collection":[{"href":"https:\/\/www.generationsanstabac.org\/fr\/wp-json\/wp\/v2\/actualites"}],"about":[{"href":"https:\/\/www.generationsanstabac.org\/fr\/wp-json\/wp\/v2\/types\/actualites"}],"version-history":[{"count":1,"href":"https:\/\/www.generationsanstabac.org\/fr\/wp-json\/wp\/v2\/actualites\/19506\/revisions"}],"predecessor-version":[{"id":25892,"href":"https:\/\/www.generationsanstabac.org\/fr\/wp-json\/wp\/v2\/actualites\/19506\/revisions\/25892"}],"wp:featuredmedia":[{"embeddable":true,"href":"https:\/\/www.generationsanstabac.org\/fr\/wp-json\/wp\/v2\/media\/19448"}],"wp:attachment":[{"href":"https:\/\/www.generationsanstabac.org\/fr\/wp-json\/wp\/v2\/media?parent=19506"}],"wp:term":[{"taxonomy":"post_tag","embeddable":true,"href":"https:\/\/www.generationsanstabac.org\/fr\/wp-json\/wp\/v2\/tags?post=19506"},{"taxonomy":"thematique","embeddable":true,"href":"https:\/\/www.generationsanstabac.org\/fr\/wp-json\/wp\/v2\/thematique?post=19506"}],"curies":[{"name":"wp","href":"https:\/\/api.w.org\/{rel}","templated":true}]}}