{"id":19503,"date":"2020-01-06T15:06:14","date_gmt":"2020-01-06T14:06:14","guid":{"rendered":"https:\/\/www.generationsanstabac.org\/actualites\/apercu-de-la-consommation-de-tabac-en-france-metropolitaine\/"},"modified":"2020-01-06T15:06:14","modified_gmt":"2020-01-06T14:06:14","slug":"apercu-de-la-consommation-de-tabac-en-france-metropolitaine","status":"publish","type":"actualites","link":"https:\/\/www.generationsanstabac.org\/fr\/actualites\/apercu-de-la-consommation-de-tabac-en-france-metropolitaine\/","title":{"rendered":"Aper\u00e7u de la consommation de tabac en France m\u00e9tropolitaine"},"content":{"rendered":"<p style=\"text-align: justify;\">Selon le Bulletin Epid\u00e9miologique Hebdomadaire publi\u00e9 par Sant\u00e9 Publique en mai 2019<a href=\"#_ftn1\" name=\"_ftnref1\"><sup>[1]<\/sup><\/a>, la France enregistre une baisse du nombre de fumeurs pour la deuxi\u00e8me ann\u00e9e cons\u00e9cutive. En effet, en deux ans, la France m\u00e9tropolitaine compte 1,6 millions de fumeurs en moins, correspondant \u00e0 une baisse globale de  12%. Cette diminution s\u2019explique \u00e0 la fois par un plus grand nombre d\u2019arr\u00eat et par une moindre entr\u00e9e dans le tabagisme parmi les jeunes.<\/p>\n<p style=\"text-align: justify;\">Sur la seule ann\u00e9e 207-2018, le nombre de fumeurs a diminu\u00e9 de 600 000 personnes. <strong>En 2016, 29,4% des Fran\u00e7ais \u00e2g\u00e9s de 18 \u00e0 75 ans fumaient quotidiennement, contre 25,5% en 2018<\/strong>.<\/p>\n<p style=\"text-align: justify;\">Ces chiffres, bien qu\u2019encourageants, demeurent cependant extr\u00eamement \u00e9lev\u00e9s par rapport \u00e0 la tr\u00e8s grande majorit\u00e9 des autres pays europ\u00e9ens et ils ne doivent pas nous faire oublier que chaque ann\u00e9e, 75000 personnes meurent de leur consommation de tabac.<\/p>\n<p style=\"text-align: justify;\">Cette baisse constat\u00e9e lors de ces deux derni\u00e8res ann\u00e9es s\u2019explique par  l\u2019importance d\u2019une politique publique coh\u00e9rente visant \u00e0 d\u00e9normaliser le tabac, notamment via le paquet neutre, l\u2019augmentation r\u00e9guli\u00e8re du prix des paquets, ou encore les temps de communication efficaces accord\u00e9s \u00e0 ce sujet, comme le <a href=\"https:\/\/mois-sans-tabac.tabac-info-service.fr\/\"><strong>Mois sans Tabac<\/strong><\/a>, port\u00e9s sur le traitement de la d\u00e9pendance.<\/p>\n<p style=\"text-align: justify;\"><img fetchpriority=\"high\" decoding=\"async\" class=\"alignnone size-full wp-image-1024\" src=\"https:\/\/www.generationsanstabac.org\/wp-content\/uploads\/2024\/07\/prevalence-tabagisme-quotidien-france.png\" alt=\"prevalence-tabagisme-quotidien-france\" width=\"338\" height=\"500\" \/><\/p>\n<p style=\"text-align: justify;\"><span style=\"color: #800080;\"><strong>Quantit\u00e9<\/strong><\/span><\/p>\n<p style=\"text-align: justify;\">En moyenne, les Fran\u00e7ais fument au quotidien 13 cigarettes par jour en 2018, c\u2019est un peu moins qu\u2019en 2010, 13,8 ).<\/p>\n<p style=\"text-align: justify;\"><span style=\"color: #800080;\"><strong>Un marqueur social<\/strong><\/span><\/p>\n<p style=\"text-align: justify;\">Le tabagisme refl\u00e8te les in\u00e9galit\u00e9s sociales. Ainsi, parmi les Fran\u00e7ais les plus dipl\u00f4m\u00e9s (sup\u00e9rieur au baccalaur\u00e9at), 19,4% fument, tandis que cette proportion augmente \u00e0 28,2% aupr\u00e8s des personnes ayant un niveau de dipl\u00f4me inf\u00e9rieur ou \u00e9gal au baccalaur\u00e9at). Depuis 2016, on note une diminution de cet \u00e9cart dont il conviendra de surveiller la poursuite. Elle tend \u00e0 souligner la pertinence des politiques publiques engag\u00e9es au cours de ces derni\u00e8res ann\u00e9es et le caract\u00e8re progressiste de celles-ci en mati\u00e8re de r\u00e9duction des in\u00e9galit\u00e9s sociales.<\/p>\n<p style=\"text-align: justify;\"><span style=\"color: #800080;\"><strong>Distinction hommes\/femmes<\/strong><\/span><\/p>\n<p style=\"text-align: justify;\">Tous les ans, le nombre de d\u00e9c\u00e8s li\u00e9s au tabac chez les femmes augmente de 5%, en raison de l\u2019augmentation du tabagisme chez les femmes entre 1970 et 1990. Les hommes restent toutefois plus fumeurs r\u00e9guliers que les femmes (26,9% de fumeurs quotidiens contre 22,9%), et dans de plus grandes quantit\u00e9s (14 cigarettes par jour contre 11,9). Les femmes sont par ailleurs moins susceptibles d\u2019avoir fait une tentative d\u2019arr\u00eat dans l\u2019ann\u00e9e pr\u00e9c\u00e9dant l\u2019enqu\u00eate.<\/p>\n<p style=\"text-align: justify;\"><span style=\"color: #666699;\">\u00a9G\u00e9n\u00e9ration Sans Tabac<\/span><\/p>\n<hr \/>\n<p><a href=\"#_ftnref1\" name=\"_ftn1\"><sup>[1]<\/sup><\/a> Pour acc\u00e9der au Bulletin : <a href=\"https:\/\/www.santepubliquefrance.fr\/docs\/bulletin-epidemiologique-hebdomadaire-28-mai-2019-n-15-journee-mondiale-sans-tabac-2019\">https:\/\/www.santepubliquefrance.fr\/docs\/bulletin-epidemiologique-hebdomadaire-28-mai-2019-n-15-journee-mondiale-sans-tabac-2019<\/a><\/p>\n<p><span style=\"color: #e8e8e8;\">| \u00a9Comit\u00e9 National Contre le Tabagisme |<\/span><\/p>\n","protected":false},"excerpt":{"rendered":"<p>En moyenne, en France, les fumeurs fument au quotidien 13 cigarettes par jour en 2018, c\u2019est un peu moins qu\u2019en 2010 avec 13.8 cigarettes\/jours<\/p>\n","protected":false},"featured_media":19505,"template":"","tags":[],"thematique":[474],"class_list":["post-19503","actualites","type-actualites","status-publish","has-post-thumbnail","hentry","thematique-sante"],"acf":[],"_links":{"self":[{"href":"https:\/\/www.generationsanstabac.org\/fr\/wp-json\/wp\/v2\/actualites\/19503","targetHints":{"allow":["GET"]}}],"collection":[{"href":"https:\/\/www.generationsanstabac.org\/fr\/wp-json\/wp\/v2\/actualites"}],"about":[{"href":"https:\/\/www.generationsanstabac.org\/fr\/wp-json\/wp\/v2\/types\/actualites"}],"version-history":[{"count":0,"href":"https:\/\/www.generationsanstabac.org\/fr\/wp-json\/wp\/v2\/actualites\/19503\/revisions"}],"wp:featuredmedia":[{"embeddable":true,"href":"https:\/\/www.generationsanstabac.org\/fr\/wp-json\/wp\/v2\/media\/19505"}],"wp:attachment":[{"href":"https:\/\/www.generationsanstabac.org\/fr\/wp-json\/wp\/v2\/media?parent=19503"}],"wp:term":[{"taxonomy":"post_tag","embeddable":true,"href":"https:\/\/www.generationsanstabac.org\/fr\/wp-json\/wp\/v2\/tags?post=19503"},{"taxonomy":"thematique","embeddable":true,"href":"https:\/\/www.generationsanstabac.org\/fr\/wp-json\/wp\/v2\/thematique?post=19503"}],"curies":[{"name":"wp","href":"https:\/\/api.w.org\/{rel}","templated":true}]}}