{"id":19498,"date":"2020-01-06T11:26:58","date_gmt":"2020-01-06T10:26:58","guid":{"rendered":"https:\/\/www.generationsanstabac.org\/actualites\/la-mortalite-attribuable-au-tabac\/"},"modified":"2020-01-06T11:26:58","modified_gmt":"2020-01-06T10:26:58","slug":"la-mortalite-attribuable-au-tabac","status":"publish","type":"actualites","link":"https:\/\/www.generationsanstabac.org\/fr\/actualites\/la-mortalite-attribuable-au-tabac\/","title":{"rendered":"La mortalit\u00e9 attribuable au tabac"},"content":{"rendered":"<p style=\"text-align: justify;\">On \u00e9value \u00e0 8 millions aujourd\u2019hui le nombre de d\u00e9c\u00e8s annuels dans le monde caus\u00e9s par le <a href=\"https:\/\/www.who.int\/fr\/news-room\/fact-sheets\/detail\/tobacco\">tabac<\/a>. En France, ce nombre est d\u2019un peu plus de 75 000 personnes d\u00e9c\u00e9d\u00e9es pr\u00e9matur\u00e9ment de leur consommation de <a href=\"http:\/\/beh.santepubliquefrance.fr\/beh\/2019\/15\/pdf\/2019_15_2.pdf\">tabac<\/a>, ce qui repr\u00e9sente 13% de la mortalit\u00e9 globale, 19% de la mortalit\u00e9 masculine et 7% de la mortalit\u00e9 f\u00e9minine.<\/p>\n<p style=\"text-align: justify;\">Les scientifiques s\u2019appuient \u00e0 l\u2019\u00e9chelle internationale et notamment en France sur un corpus de donn\u00e9es \u00e9pid\u00e9miologiques majeur qui permet d\u2019estimer de mani\u00e8re robuste cette mortalit\u00e9. Cette estimation s\u2019appuie sur une m\u00e9thode utilisant pour chaque sexe et par classe d\u2019\u00e2ge de 5 ans :<\/p>\n<ul style=\"text-align: justify;\">\n<li>les donn\u00e9es de mortalit\u00e9 par cancer du poumon qui fournissent un indicateur indirect de l\u2019exposition de la population au tabac<\/li>\n<li>les donn\u00e9es de mortalit\u00e9 pour les autres causes de d\u00e9c\u00e8s li\u00e9es au tabac<\/li>\n<li>les risques relatifs de d\u00e9c\u00e8s chez les fumeurs compar\u00e9s aux non-fumeurs, c\u2019est-\u00e0-dire le rapport des risques chez les fumeurs et chez les non-fumeurs.<\/li>\n<\/ul>\n<p style=\"text-align: justify;\">Ces donn\u00e9es permettent de calculer pour chaque cause de d\u00e9c\u00e8s, une fraction attribuable au tabac, qui est la proportion de d\u00e9c\u00e8s qui aurait pu \u00eatre \u00e9vit\u00e9e si les personnes n\u2019avaient pas fum\u00e9.<\/p>\n<p style=\"text-align: justify;\">Le tableau suivant regroupe les causes de d\u00e9c\u00e8s, pour les maladies dont le tabac augmente le risque :<\/p>\n<ul style=\"text-align: justify;\">\n<li>les diff\u00e9rentes localisations de cancer<\/li>\n<li>les maladies cardiovasculaires<\/li>\n<li>les maladies respiratoires<\/li>\n<li>les maladies infectieuses<\/li>\n<\/ul>\n<p style=\"text-align: justify;\">On multiplie le nombre de d\u00e9c\u00e8s total pour une maladie donn\u00e9e par la fraction attribuable au tabac pour obtenir le nombre de d\u00e9c\u00e8s attribuables au tabac.<\/p>\n<p style=\"text-align: justify;\"><img fetchpriority=\"high\" decoding=\"async\" class=\"alignnone wp-image-1012 size-full\" src=\"https:\/\/www.generationsanstabac.org\/wp-content\/uploads\/2024\/07\/tableau-deces-prematures-attribuables-tabac.png\" alt=\"tableau-deces-prematures-attribuables-tabac-mortalite\" width=\"970\" height=\"603\" \/><\/p>\n<p style=\"text-align: justify;\"><span style=\"font-size: 0.9rem;\">L\u2019\u00e9volution de la mortalit\u00e9 attribuable au tabac est directement li\u00e9e \u00e0 celle de la consommation avec un d\u00e9calage dans le temps. Ainsi la baisse de la mortalit\u00e9 attribuable au tabagisme chez les hommes en France est la cons\u00e9quence directe de la diminution du pourcentage de fumeurs chez les hommes depuis les ann\u00e9es 1950. En revanche, la mortalit\u00e9 f\u00e9minine attribuable au tabac connait une tr\u00e8s forte progression, passant de 2 700 d\u00e9c\u00e8s en 1980 \u00e0 pr\u00e8s de 20 000 en 2015 en raison d\u2019une entr\u00e9e des femmes dans le tabagisme beaucoup plus r\u00e9cente. La mortalit\u00e9 par cancer du poumon chez les femmes pourrait d\u00e9passer bient\u00f4t celle par cancer du sein.<\/span><\/p>\n<p style=\"text-align: justify;\"><span style=\"color: #666699;\">\u00a9G\u00e9n\u00e9ration Sans Tabac<\/span><\/p>\n<hr \/>\n<p><strong>Pour en savoir plus :<\/strong><\/p>\n<ul>\n<li><em>Bonaldi C, Boussac M, Nguyen-Thanh V. Estimation du nombre de d\u00e9c\u00e8s attribuables au tabagisme, en France de 2000 \u00e0 2015. Bull Epid\u00e9miol Hebd. 2019;(15):278-84. <a href=\"http:\/\/beh.santepubliquefrance.fr\/beh\/2019\/15\/2019_14_2.html\">http:\/\/beh.santepubliquefrance.fr\/beh\/2019\/15\/2019_14_2.html<\/a><\/em><\/li>\n<li><em>Peto R, Boreham J, Lopez AD, Thun M, Heath C. Mortality from tobacco in developed countries: Indirect estimation from national vital statistics. Lancet. 1992;339(88D4):1268-78.<\/em><\/li>\n<li><em>Parkin DM. 2. Tobacco-attributable cancer burden in  the UK in 2010. Br J Cancer. 2011;105 Suppl(S2):6-13.<\/em><\/li>\n<li><em>Organisation mondiale de la Sant\u00e9, (OMS) &#8211; Word Health Organization. Mortality attributable to tobacco: WHO Global Report. WHO Library Cataloguing-in-Publication Data. 2012. 396 p. <a href=\"https:\/\/www.who.int\/tobacco\/publications\/surveillance\/rep_mortality_attributable\/en\/\">https:\/\/www.who.int\/tobacco\/publications\/<\/a><a href=\"https:\/\/www.who.int\/tobacco\/publications\/surveillance\/rep_mortality_attributable\/en\/\"> surveillance\/rep_mortality_attributable\/en\/<\/a><\/em><\/li>\n<li><em>Centre International Contre le Cancer, (CIRC), International Agency for Research on Cancer. IARC monographs on the evaluation of carcinogenic risks to humans. Personal habits and indoor combustions. Lyon: IARC; 2012. 585 p. <a href=\"https:\/\/monographs.iarc.fr\/wp-content\/uploads\/2018\/06\/mono100E.pdf\">https:\/\/monographs.iarc.fr\/wp-content\/<\/a><a href=\"https:\/\/monographs.iarc.fr\/wp-content\/uploads\/2018\/06\/mono100E.pdf\"> uploads\/2018\/06\/mono100E.pdf<\/a><\/em><\/li>\n<li><em>Ribassin-Majed L, Hill C. Trends in tobacco-attributable mortality in France. Eur J Public Health. 2015;(5):824-8.<\/em><\/li>\n<\/ul>\n<p><span style=\"color: #e8e8e8;\"> \u00a9Comit\u00e9 National Contre le Tabagisme |<\/span><\/p>\n","protected":false},"excerpt":{"rendered":"<p>Les scientifiques s\u2019appuient sur un corpus de donn\u00e9es \u00e9pid\u00e9miologiques majeur qui permet d\u2019estimer de mani\u00e8re robuste cette mortalit\u00e9.<\/p>\n","protected":false},"featured_media":14905,"template":"","tags":[],"thematique":[474],"class_list":["post-19498","actualites","type-actualites","status-publish","has-post-thumbnail","hentry","thematique-sante"],"acf":[],"_links":{"self":[{"href":"https:\/\/www.generationsanstabac.org\/fr\/wp-json\/wp\/v2\/actualites\/19498","targetHints":{"allow":["GET"]}}],"collection":[{"href":"https:\/\/www.generationsanstabac.org\/fr\/wp-json\/wp\/v2\/actualites"}],"about":[{"href":"https:\/\/www.generationsanstabac.org\/fr\/wp-json\/wp\/v2\/types\/actualites"}],"version-history":[{"count":0,"href":"https:\/\/www.generationsanstabac.org\/fr\/wp-json\/wp\/v2\/actualites\/19498\/revisions"}],"wp:featuredmedia":[{"embeddable":true,"href":"https:\/\/www.generationsanstabac.org\/fr\/wp-json\/wp\/v2\/media\/14905"}],"wp:attachment":[{"href":"https:\/\/www.generationsanstabac.org\/fr\/wp-json\/wp\/v2\/media?parent=19498"}],"wp:term":[{"taxonomy":"post_tag","embeddable":true,"href":"https:\/\/www.generationsanstabac.org\/fr\/wp-json\/wp\/v2\/tags?post=19498"},{"taxonomy":"thematique","embeddable":true,"href":"https:\/\/www.generationsanstabac.org\/fr\/wp-json\/wp\/v2\/thematique?post=19498"}],"curies":[{"name":"wp","href":"https:\/\/api.w.org\/{rel}","templated":true}]}}