{"id":19494,"date":"2020-01-02T14:48:57","date_gmt":"2020-01-02T13:48:57","guid":{"rendered":"https:\/\/www.generationsanstabac.org\/actualites\/tabac-et-maladies-psychiatriques-une-relation-toxique\/"},"modified":"2020-01-02T14:48:57","modified_gmt":"2020-01-02T13:48:57","slug":"tabac-et-maladies-psychiatriques-une-relation-toxique","status":"publish","type":"actualites","link":"https:\/\/www.generationsanstabac.org\/fr\/actualites\/tabac-et-maladies-psychiatriques-une-relation-toxique\/","title":{"rendered":"Tabac et maladies psychiatriques, une relation toxique"},"content":{"rendered":"<p style=\"text-align: justify;\">Les personnes atteintes de maladies psychiatriques sont plus souvent fumeuses que la population g\u00e9n\u00e9rale et il peut leur \u00eatre volontiers plus difficile d&rsquo;arr\u00eater de fumer. Ainsi :<\/p>\n<ul style=\"text-align: justify;\">\n<li>environ 2\/3 des patients pr\u00e9sentant des troubles schizophr\u00e9niques sont fumeurs,<\/li>\n<li>environ 70% des hommes et 80 % des femmes avec des ant\u00e9c\u00e9dents de d\u00e9pressionsont ou ont \u00e9t\u00e9 fumeurs.<\/li>\n<li>et 60 \u00e0 69 % des patients pr\u00e9sentant des <a href=\"http:\/\/www.psycom.org\/Espace-Presse\/Sante-mentale-de-A-a-Z\/Trouble-bipolaire\">troubles bipolaires <\/a>sont fumeurs<a href=\"#_ftn1\" name=\"_ftnref1\">[1]<\/a><\/li>\n<\/ul>\n<p style=\"text-align: justify;\">La cons\u00e9quence de cette sur-consommation de tabac est que les personnes souffrant de troubles psychiatriques meurent plus souvent de maladies li\u00e9es au tabac que la population g\u00e9n\u00e9rale, en particulier par affections cardio-vasculaires (jusqu\u2019\u00e0 6 fois plus fr\u00e9quente qu\u2019en population g\u00e9n\u00e9rale) et respiratoires (jusqu\u2019\u00e0 5 fois fr\u00e9quente qu\u2019en population g\u00e9n\u00e9rale).<\/p>\n<p style=\"text-align: justify;\">Longtemps, il a \u00e9t\u00e9 consid\u00e9r\u00e9 que les personnes anxieuses, stress\u00e9es et d\u00e9prim\u00e9es fumaient du fait de leur \u00e9tat psychologique, alors que de nombreux travaux scientifiques plus r\u00e9cents d\u00e9montrent qu\u2019au contraire, c\u2019est la consommation de tabac qui est \u00e0 l\u2019origine et\/ou aggrave leur \u00e9tat. Du reste l\u2019arr\u00eat du tabac est volontiers associ\u00e9 chez ceux-ci \u00e0 une am\u00e9lioration de leur sant\u00e9 mentale, avec notamment une r\u00e9duction des signes en rapport avec la d\u00e9pression, l&rsquo;anxi\u00e9t\u00e9 et le stress, et une am\u00e9lioration de leur qualit\u00e9 de vie. Dans certains cas de d\u00e9pression, l\u2019arr\u00eat du tabac est aussi efficace que la prescription de traitements anti-d\u00e9presseurs.<\/p>\n<p style=\"text-align: justify;\">Contrairement \u00e0 certaines id\u00e9es pr\u00e9con\u00e7ues, un grand nombre de patients souffrant d\u2019une maladie psychiatrique et fumeurs souhaitent arr\u00eater de fumer. Aussi, m\u00eame si le sevrage peut \u00eatre plus difficile pour ces patients, il n\u2019en reste pas moins possible, sous r\u00e9serve d\u2019une prise en charge qui doit \u00eatre syst\u00e9matique, adapt\u00e9e et prolong\u00e9e.<\/p>\n<p><span style=\"color: #666699;\">\u00a9G\u00e9n\u00e9ration Sans Tabac<\/span><\/p>\n<hr \/>\n<p><strong>Pour aller plus loin<\/strong><\/p>\n<ul>\n<li><a href=\"http:\/\/www.inpes.sante.fr\/\">Institut national de pr\u00e9vention et d\u2019\u00e9ducation pour la sant\u00e9<\/a> (INPES)<\/li>\n<li><a href=\"http:\/\/www.ofdt.fr\/\">Observatoire fran\u00e7ais des Drogues et Toxicomanies (OFDT)<\/a><\/li>\n<li><a href=\"http:\/\/www.drogues.gouv.fr\/\">Mission interminist\u00e9rielle de lutte contre les drogues et la toxicomanie (MILDT)<\/a><\/li>\n<li><a href=\"http:\/\/www.drogues-dependances.fr\/\">MILDT et INPES. Drogues et d\u00e9pendances<\/a><\/li>\n<\/ul>\n<p><a href=\"#_ftnref1\" name=\"_ftn1\">[1]<\/a> <a href=\"http:\/\/www.psycom.org\/Espace-Presse\/Sante-mentale-de-A-a-Z\/Tabac-et-psychiatrie\">http:\/\/www.psycom.org\/Espace-Presse\/Sante-mentale-de-A-a-Z\/Tabac-et-psychiatrie<\/a><\/p>\n<p><span style=\"color: #e8e8e8;\">| \u00a9Comit\u00e9 National Contre le Tabagisme |<\/span><\/p>\n","protected":false},"excerpt":{"rendered":"<p>Les personnes atteintes de maladies psychiatriques sont plus souvent fumeuses que la population g\u00e9n\u00e9rale et il peut leur \u00eatre volontiers plus difficile d&rsquo;arr\u00eater de fumer<\/p>\n","protected":false},"featured_media":19495,"template":"","tags":[],"thematique":[474],"class_list":["post-19494","actualites","type-actualites","status-publish","has-post-thumbnail","hentry","thematique-sante"],"acf":[],"_links":{"self":[{"href":"https:\/\/www.generationsanstabac.org\/fr\/wp-json\/wp\/v2\/actualites\/19494","targetHints":{"allow":["GET"]}}],"collection":[{"href":"https:\/\/www.generationsanstabac.org\/fr\/wp-json\/wp\/v2\/actualites"}],"about":[{"href":"https:\/\/www.generationsanstabac.org\/fr\/wp-json\/wp\/v2\/types\/actualites"}],"version-history":[{"count":0,"href":"https:\/\/www.generationsanstabac.org\/fr\/wp-json\/wp\/v2\/actualites\/19494\/revisions"}],"wp:featuredmedia":[{"embeddable":true,"href":"https:\/\/www.generationsanstabac.org\/fr\/wp-json\/wp\/v2\/media\/19495"}],"wp:attachment":[{"href":"https:\/\/www.generationsanstabac.org\/fr\/wp-json\/wp\/v2\/media?parent=19494"}],"wp:term":[{"taxonomy":"post_tag","embeddable":true,"href":"https:\/\/www.generationsanstabac.org\/fr\/wp-json\/wp\/v2\/tags?post=19494"},{"taxonomy":"thematique","embeddable":true,"href":"https:\/\/www.generationsanstabac.org\/fr\/wp-json\/wp\/v2\/thematique?post=19494"}],"curies":[{"name":"wp","href":"https:\/\/api.w.org\/{rel}","templated":true}]}}