{"id":19475,"date":"2019-12-27T15:39:28","date_gmt":"2019-12-27T14:39:28","guid":{"rendered":"https:\/\/www.generationsanstabac.org\/actualites\/le-poids-des-maladies-respiratoires-dans-les-degats-sanitaires-du-tabac\/"},"modified":"2019-12-27T15:39:28","modified_gmt":"2019-12-27T14:39:28","slug":"le-poids-des-maladies-respiratoires-dans-les-degats-sanitaires-du-tabac","status":"publish","type":"actualites","link":"https:\/\/www.generationsanstabac.org\/fr\/actualites\/le-poids-des-maladies-respiratoires-dans-les-degats-sanitaires-du-tabac\/","title":{"rendered":"Le poids des maladies respiratoires dans les d\u00e9g\u00e2ts sanitaires du tabac"},"content":{"rendered":"<p style=\"text-align: justify;\">Les maladies respiratoires sont l\u2019une des principales causes de mort avec un d\u00e9c\u00e8s sur six au niveau mondial. Les maladies respiratoires comptent parmi les plus invalidantes parmi les maladies attribuables au tabac, aux c\u00f4t\u00e9s des pathologies cardiovasculaires et des cancers. Sur les 75 000 d\u00e9c\u00e8s pr\u00e9matur\u00e9s annuels attribuables au tabac en France, 12 000 sont dus aux maladies respiratoires. A c\u00f4t\u00e9 de l\u2019invalidit\u00e9 qu\u2019elles entra\u00eenent chez les malades, elles repr\u00e9sentent un co\u00fbt sanitaire \u00e9norme li\u00e9 aux soins primaires et hospitaliers, ainsi qu\u2019\u00e0 la perte de productivit\u00e9 des malades qui ne peuvent travailler.<\/p>\n<p style=\"text-align: justify;\">Le tabagisme est de loin la principale cause de broncho-pneumopathie chronique obstructive (BPCO) ; on \u00e9tend sous ce terme \u00e0 la fois les bronchites chroniques et l\u2019emphys\u00e8me pulmonaire ; 85 % des cas de BPCO surviennent chez des fumeurs. Cette maladie rend la respiration p\u00e9nible et difficile et est \u00e0 l\u2019origine d\u2019insuffisances respiratoires mortelles. Environ 65 millions de personnes souffrent de BPCO dans le monde dont 3 millions en meurent chaque ann\u00e9e, ce qui en fait la troisi\u00e8me cause de mortalit\u00e9 dans le monde<a href=\"#_ftn1\" name=\"_ftnref1\">[1]<\/a>&#8211;<a href=\"#_ftn2\" name=\"_ftnref2\">[2]<\/a> apr\u00e8s les cancers et les maladies cardiovasculaires.<\/p>\n<p style=\"text-align: justify;\">Compte tenu de l&rsquo;efficacit\u00e9 \u00ab modeste \u00bb des traitements actuels de la BPCO, la lutte contre le tabagisme doit \u00eatre un objectif commun aux m\u00e9decins g\u00e9n\u00e9ralistes et sp\u00e9cialistes, notamment les pneumologues.<\/p>\n<p style=\"text-align: justify;\">A c\u00f4t\u00e9 des BPCO, fumer du tabac multiplie par 15 \u00e0 30 fois le risque de survenue d\u2019un cancer du poumon et est responsable de 80 \u00e0 90% de ces cancers. Seules 15 % des personnes atteintes d\u2019un cancer du poumon survivent 5 ans apr\u00e8s son diagnostic<a href=\"#_ftn3\" name=\"_ftnref3\"><strong>[3]<\/strong><\/a>.  Enfin, la BPCO et le cancer du poumon  sont fr\u00e9quemment provoqu\u00e9s, et\/ou aggrav\u00e9s, par une exposition passive \u00e0 la fum\u00e9e de tabac. Aussi, \u00e0 ce jour, la mesure pr\u00e9ventive la plus efficace contre ces maladies est, \u00e0 a fois, l&rsquo;arr\u00eat de la consommation de tabac et de l\u2019exposition aux tabagismes passif et ultra passif.<\/p>\n<p><span style=\"color: #666699;\">\u00a9G\u00e9n\u00e9ration Sans Tabac<\/span><\/p>\n<hr \/>\n<p><strong>Pour aller plus loin<\/strong><\/p>\n<p><em><a href=\"https:\/\/www.lesouffle.org\/2017\/04\/05\/maladies-provoquent-souffrance-respiratoire\/\">Fondation du Souffle<\/a><\/em><\/p>\n<p><em><a href=\"https:\/\/www.bpco.org\/\">Le site de la BPCO<\/a><\/em><\/p>\n<p><em><a href=\"#_ftnref1\" name=\"_ftn1\">[1]<\/a> Organisation mondiale de la sant\u00e9. Surveillance mondiale, pr\u00e9vention et contr\u00f4le des maladies respiratoires chroniques. Une approche globale, Gen\u00e8ve, OMS, 2007. http:\/\/www.who.int\/gard\/publications\/ GARD_Manual\/en\/<\/em><\/p>\n<p><em><a href=\"#_ftnref2\" name=\"_ftn2\">[2]<\/a> Burney PG, Patel J, Newson R, Minelli C, Naghavi M. Global and regional trends in COPD mortality, 1990- 2010. Eur Respir J 2015; 45: 1239\u20131247. http:\/\/erj.ersjournals.com\/content\/45\/5\/1239<\/em><\/p>\n<p><em><a href=\"#_ftnref3\" name=\"_ftn3\">[3]<\/a> <\/em><a href=\"https:\/\/cnct.fr\/tabac-des-risques-specifiques-sur-lappareil-respiratoire\/\"><em>https:\/\/cnct.fr\/tabac-des-risques-specifiques-sur-lappareil-respiratoire\/<\/em><\/a><\/p>\n<p><span style=\"color: #e8e8e8;\">| \u00a9Comit\u00e9 National Contre le Tabagisme |<\/span><\/p>\n","protected":false},"excerpt":{"rendered":"<p>Les maladies respiratoires sont l\u2019une des principales causes de mort avec un d\u00e9c\u00e8s sur six au niveau mondial. Les maladies respiratoires comptent parmi les plus invalidantes parmi les maladies attribuables au tabac, aux c\u00f4t\u00e9s des pathologies cardiovasculaires et des cancers. Sur les 75 000 d\u00e9c\u00e8s pr\u00e9matur\u00e9s annuels attribuables au tabac en France, 12 000 sont [&hellip;]<\/p>\n","protected":false},"featured_media":19476,"template":"","tags":[],"thematique":[474],"class_list":["post-19475","actualites","type-actualites","status-publish","has-post-thumbnail","hentry","thematique-sante"],"acf":[],"_links":{"self":[{"href":"https:\/\/www.generationsanstabac.org\/fr\/wp-json\/wp\/v2\/actualites\/19475","targetHints":{"allow":["GET"]}}],"collection":[{"href":"https:\/\/www.generationsanstabac.org\/fr\/wp-json\/wp\/v2\/actualites"}],"about":[{"href":"https:\/\/www.generationsanstabac.org\/fr\/wp-json\/wp\/v2\/types\/actualites"}],"version-history":[{"count":0,"href":"https:\/\/www.generationsanstabac.org\/fr\/wp-json\/wp\/v2\/actualites\/19475\/revisions"}],"wp:featuredmedia":[{"embeddable":true,"href":"https:\/\/www.generationsanstabac.org\/fr\/wp-json\/wp\/v2\/media\/19476"}],"wp:attachment":[{"href":"https:\/\/www.generationsanstabac.org\/fr\/wp-json\/wp\/v2\/media?parent=19475"}],"wp:term":[{"taxonomy":"post_tag","embeddable":true,"href":"https:\/\/www.generationsanstabac.org\/fr\/wp-json\/wp\/v2\/tags?post=19475"},{"taxonomy":"thematique","embeddable":true,"href":"https:\/\/www.generationsanstabac.org\/fr\/wp-json\/wp\/v2\/thematique?post=19475"}],"curies":[{"name":"wp","href":"https:\/\/api.w.org\/{rel}","templated":true}]}}