{"id":19471,"date":"2019-12-27T13:35:16","date_gmt":"2019-12-27T12:35:16","guid":{"rendered":"https:\/\/www.generationsanstabac.org\/actualites\/le-tabagisme-tertiaire-et-le-sommeil\/"},"modified":"2019-12-27T13:35:16","modified_gmt":"2019-12-27T12:35:16","slug":"le-tabagisme-tertiaire-et-le-sommeil","status":"publish","type":"actualites","link":"https:\/\/www.generationsanstabac.org\/fr\/actualites\/le-tabagisme-tertiaire-et-le-sommeil\/","title":{"rendered":"Le tabagisme tertiaire et le sommeil"},"content":{"rendered":"<p style=\"text-align: justify;\">Le domicile, dans lequel les individus passent la majorit\u00e9 de leur temps (temps de loisir + temps de sommeil), constitue un lieu d\u2019exposition au tabagisme. Selon l\u2019INPES, \u00ab nous passons 14 heures par jour en moyenne \u00e0 notre domicile \u00bb soit la moiti\u00e9 de nos journ\u00e9es.<\/p>\n<p style=\"text-align: justify;\">Etant donn\u00e9 qu\u2019un tiers d\u2019une vie est consacr\u00e9e au sommeil, le domicile constitue un lieu important d\u2019exposition au tabagisme tertiaire et secondaire. Les fumeurs et l\u2019ensemble des non-fumeurs pr\u00e9sents dans le m\u00eame foyer sont expos\u00e9s \u00e0 des niveaux plus \u00e9lev\u00e9s de ces polluants que dans un foyer de non-fumeurs<a href=\"#_ftn1\" name=\"_ftnref1\"><sup>[1]<\/sup><\/a>. Le moment du sommeil ne correspond pas \u00e0 un moment de retrait de l\u2019exposition au tabac : de nombreux polluants (CO<sub>2<\/sub>, PM, VOCs and CH<sub>2<\/sub>O) exc\u00e8dent les seuils recommand\u00e9s durant le sommeil.<\/p>\n<p style=\"text-align: justify;\">L\u2019Acad\u00e9mie de m\u00e9decine rappelle que la fum\u00e9e de tabac constitue \u00ab la source la plus dangereuse de pollution de l\u2019air domestique, en raison de sa concentration \u00e9lev\u00e9e en produits toxiques, mais aussi parce que l\u2019on y est expos\u00e9 \u00e0 tout \u00e2ge et pendant des p\u00e9riodes beaucoup plus longues que celles o\u00f9 l\u2019on subit une pollution atmosph\u00e9rique ext\u00e9rieure \u00bb<a href=\"#_ftn2\" name=\"_ftnref2\"><sup>[2]<\/sup><\/a>. Les risques li\u00e9s au tabagisme passif augmentent avec la dur\u00e9e et l\u2019intensit\u00e9 de l\u2019exposition : plus les individus sont expos\u00e9s \u00e0 la fum\u00e9e de tabac, plus les effets de cette exposition sont sensibles.<\/p>\n<p><a href=\"https:\/\/www.generationsanstabac.org\/\" target=\"_blank\" rel=\"noopener noreferrer\"><span style=\"color: #666699;\">\u00a9G\u00e9n\u00e9ration Sans Tabac<\/span><\/a><\/p>\n<hr \/>\n<p><em><a href=\"#_ftnref1\" name=\"_ftn1\">[1]<\/a> Canha, Nuno, Joana Lage, Joana Teixeira Coutinho, C\u00e9lia Alves, et Susana Marta Almeida. \u00ab Comparison of indoor air quality during sleep in smokers and non-smokers\u2019 bedrooms: A preliminary study \u00bb. Environmental Pollution 249 (1 juin 2019): 248\u201156.<\/em><\/p>\n<p><em><a href=\"#_ftnref2\" name=\"_ftn2\">[2]<\/a> Acad\u00e9mie de m\u00e9decine <\/em><\/p>\n<p><span style=\"color: #e8e8e8;\">|| \u00a9DNF Pour un monde Z\u00e9ro Tabac <\/span><\/p>\n","protected":false},"excerpt":{"rendered":"<p>Le domicile, dans lequel les individus passent la majorit\u00e9 de leur temps (temps de loisir + temps de sommeil), constitue un lieu d\u2019exposition au tabagisme. Selon l\u2019INPES, \u00ab nous passons 14 heures par jour en moyenne \u00e0 notre domicile \u00bb soit la moiti\u00e9 de nos journ\u00e9es. Etant donn\u00e9 qu\u2019un tiers d\u2019une vie est consacr\u00e9e au [&hellip;]<\/p>\n","protected":false},"featured_media":19469,"template":"","tags":[],"thematique":[474],"class_list":["post-19471","actualites","type-actualites","status-publish","has-post-thumbnail","hentry","thematique-sante"],"acf":[],"_links":{"self":[{"href":"https:\/\/www.generationsanstabac.org\/fr\/wp-json\/wp\/v2\/actualites\/19471","targetHints":{"allow":["GET"]}}],"collection":[{"href":"https:\/\/www.generationsanstabac.org\/fr\/wp-json\/wp\/v2\/actualites"}],"about":[{"href":"https:\/\/www.generationsanstabac.org\/fr\/wp-json\/wp\/v2\/types\/actualites"}],"version-history":[{"count":0,"href":"https:\/\/www.generationsanstabac.org\/fr\/wp-json\/wp\/v2\/actualites\/19471\/revisions"}],"wp:featuredmedia":[{"embeddable":true,"href":"https:\/\/www.generationsanstabac.org\/fr\/wp-json\/wp\/v2\/media\/19469"}],"wp:attachment":[{"href":"https:\/\/www.generationsanstabac.org\/fr\/wp-json\/wp\/v2\/media?parent=19471"}],"wp:term":[{"taxonomy":"post_tag","embeddable":true,"href":"https:\/\/www.generationsanstabac.org\/fr\/wp-json\/wp\/v2\/tags?post=19471"},{"taxonomy":"thematique","embeddable":true,"href":"https:\/\/www.generationsanstabac.org\/fr\/wp-json\/wp\/v2\/thematique?post=19471"}],"curies":[{"name":"wp","href":"https:\/\/api.w.org\/{rel}","templated":true}]}}