{"id":19467,"date":"2019-12-27T13:28:37","date_gmt":"2019-12-27T12:28:37","guid":{"rendered":"https:\/\/www.generationsanstabac.org\/actualites\/nous-ne-sommes-pas-egaux-face-tabagisme-passif-a-domicile\/"},"modified":"2019-12-27T13:28:37","modified_gmt":"2019-12-27T12:28:37","slug":"nous-ne-sommes-pas-egaux-face-tabagisme-passif-a-domicile","status":"publish","type":"actualites","link":"https:\/\/www.generationsanstabac.org\/fr\/actualites\/nous-ne-sommes-pas-egaux-face-tabagisme-passif-a-domicile\/","title":{"rendered":"Nous ne sommes pas \u00e9gaux face tabagisme passif \u00e0 domicile"},"content":{"rendered":"<p style=\"text-align: justify;\">Un rapport de l\u2019ONG Action on Smoking Health (ASH)<a href=\"#_ftn1\" name=\"_ftnref1\"><sup>[1]<\/sup><\/a> souligne le r\u00f4le des in\u00e9galit\u00e9s sociales dans l\u2019exposition au tabagisme passif \u00e0 domicile.<\/p>\n<p style=\"text-align: justify;\">Selon le rapport, le tabagisme \u00e0 domicile est largement plus commun dans les logements sociaux que dans les autres types d\u2019habitats. Si 18% de Britanniques vivent dans un logement social, c\u2019est un tiers des fumeurs qui occupe ce type d\u2019habitat. Ce que cela signifie, c\u2019est que la pr\u00e9valence de fumeurs dans les logements sociaux est bien plus \u00e9lev\u00e9e que dans d\u2019autres types d\u2019habitats.<\/p>\n<p style=\"text-align: justify;\">Le rapport explique que cette pr\u00e9valence n\u2019est pas li\u00e9e \u00e0 un manque de motivation pour l\u2019arr\u00eat du tabac : en effet, les fumeurs occupant des logements sociaux ont tout autant l\u2019intention d\u2019arr\u00eater de fumer que le reste des fumeurs. Toutefois, le nombre d\u2019\u00e9checs parmi les premiers est plus important que pour le reste de la population de fumeurs.<\/p>\n<p style=\"text-align: justify;\">L\u2019ONG Action on Smoking Health conclut que lutter contre le tabagisme aupr\u00e8s des communaut\u00e9s qui connaissent une forte pr\u00e9valence de l\u2019\u00e9pid\u00e9mie permet de r\u00e9duire les in\u00e9galit\u00e9s de sant\u00e9 non seulement au sein du foyer mais \u00e9galement dans toute la communaut\u00e9. Ce sont aussi les in\u00e9galit\u00e9s financi\u00e8res qui sont combattues : cesser de fumer permet d\u2019\u00e9conomiser des sommes non n\u00e9gligeables au profit du foyer (lien \u00e0 un article sur le sujet).<\/p>\n<p><span style=\"color: #666699;\">\u00a9G\u00e9n\u00e9ration Sans Tabac<\/span><\/p>\n<hr \/>\n<p><em><a href=\"#_ftnref1\" name=\"_ftn1\">[1]<\/a> Action on Smoking and Health. Smoking ni the home : New solutions for a smokefree generation. 2018.<\/em><\/p>\n<p><a href=\"http:\/\/dnf.asso.fr\/\" target=\"_blank\" rel=\"noopener noreferrer\"><span style=\"color: #e8e8e8;\">|| \u00a9DNF Pour un monde Z\u00e9ro Tabac <\/span><\/a><\/p>\n","protected":false},"excerpt":{"rendered":"<p>Un rapport de l\u2019ONG Action on Smoking Health (ASH)[1] souligne le r\u00f4le des in\u00e9galit\u00e9s sociales dans l\u2019exposition au tabagisme passif \u00e0 domicile. Selon le rapport, le tabagisme \u00e0 domicile est largement plus commun dans les logements sociaux que dans les autres types d\u2019habitats. Si 18% de Britanniques vivent dans un logement social, c\u2019est un tiers [&hellip;]<\/p>\n","protected":false},"featured_media":9633,"template":"","tags":[],"thematique":[474],"class_list":["post-19467","actualites","type-actualites","status-publish","has-post-thumbnail","hentry","thematique-sante"],"acf":[],"_links":{"self":[{"href":"https:\/\/www.generationsanstabac.org\/fr\/wp-json\/wp\/v2\/actualites\/19467","targetHints":{"allow":["GET"]}}],"collection":[{"href":"https:\/\/www.generationsanstabac.org\/fr\/wp-json\/wp\/v2\/actualites"}],"about":[{"href":"https:\/\/www.generationsanstabac.org\/fr\/wp-json\/wp\/v2\/types\/actualites"}],"version-history":[{"count":0,"href":"https:\/\/www.generationsanstabac.org\/fr\/wp-json\/wp\/v2\/actualites\/19467\/revisions"}],"wp:featuredmedia":[{"embeddable":true,"href":"https:\/\/www.generationsanstabac.org\/fr\/wp-json\/wp\/v2\/media\/9633"}],"wp:attachment":[{"href":"https:\/\/www.generationsanstabac.org\/fr\/wp-json\/wp\/v2\/media?parent=19467"}],"wp:term":[{"taxonomy":"post_tag","embeddable":true,"href":"https:\/\/www.generationsanstabac.org\/fr\/wp-json\/wp\/v2\/tags?post=19467"},{"taxonomy":"thematique","embeddable":true,"href":"https:\/\/www.generationsanstabac.org\/fr\/wp-json\/wp\/v2\/thematique?post=19467"}],"curies":[{"name":"wp","href":"https:\/\/api.w.org\/{rel}","templated":true}]}}