{"id":19461,"date":"2019-12-27T12:56:50","date_gmt":"2019-12-27T11:56:50","guid":{"rendered":"https:\/\/www.generationsanstabac.org\/actualites\/les-fumeurs-adultes-sont-sensibles-au-prix-du-tabac\/"},"modified":"2019-12-27T12:56:50","modified_gmt":"2019-12-27T11:56:50","slug":"les-fumeurs-adultes-sont-sensibles-au-prix-du-tabac","status":"publish","type":"actualites","link":"https:\/\/www.generationsanstabac.org\/fr\/actualites\/les-fumeurs-adultes-sont-sensibles-au-prix-du-tabac\/","title":{"rendered":"Les fumeurs adultes sont sensibles au prix du tabac"},"content":{"rendered":"<p style=\"text-align: justify;\">La hausses des prix du tabac entra\u00eene une probabilit\u00e9 accrue de cesser de fumer. En d\u00e9pit des id\u00e9es re\u00e7ues, les fumeurs adultes sont sensibles \u00e0 la taxation du tabac. Ils le sont m\u00eame plus que les adolescents (DeCicca et al. 2008).<\/p>\n<p style=\"text-align: justify;\">L\u2019article 6 de la Convention-cadre de l\u2019OMS pour la lutte antitabac pr\u00e9sente les mesures fiscales comme un moyen de r\u00e9duire la demande de tabac. C\u2019est ce qu\u2019on appelle la fiscalit\u00e9 comportementale, d\u00e9finie comme \u00ab un ensemble de taxes dont la finalit\u00e9 est d\u2019influencer les comportements des consommateurs pour les d\u00e9tourner de pratiques jug\u00e9es nocives pour leur bien-\u00eatre \u00bb (PY Cusset, 2013).<\/p>\n<p style=\"text-align: justify;\">Les fumeurs adultes d\u2019\u00e2ge m\u00fbr (entre 45 et 59 ans) sont sensibles au prix du tabac. Selon DeCicca et McLeod (2008), une augmentation du droit d\u2019accise sur le paquet de cigarettes \u00e0 hauteur de 1 dollar entra\u00eene une baisse de 1 \u00e0 1,5% du tabagisme quotidien dans cette tranche d\u2019\u00e2ge. Selon les auteurs, cela repr\u00e9sente une baisse de la pr\u00e9valence du tabagisme de 6 \u00e0 8%.<\/p>\n<p style=\"text-align: justify;\">Les taxes comportementales permettent d\u2019abaisser le niveau de la consommation d\u2019un produit nocif. Elles constituent un des leviers efficaces selon la Convention-cadre de l\u2019OMS pour la lutte antitabac.<\/p>\n<p><a href=\"https:\/\/www.generationsanstabac.org\/?s=fiscalit%C3%A9\" target=\"_blank\" rel=\"noopener noreferrer\"><span style=\"color: #666699;\">\u00a9G\u00e9n\u00e9ration Sans Tabac<\/span><\/a><\/p>\n<hr \/>\n<p><span style=\"color: #e8e8e8;\">|| \u00a9DNF Pour un monde Z\u00e9ro Tabac <\/span><\/p>\n","protected":false},"excerpt":{"rendered":"<p>La hausses des prix du tabac entra\u00eene une probabilit\u00e9 accrue de cesser de fumer. En d\u00e9pit des id\u00e9es re\u00e7ues, les fumeurs adultes sont sensibles \u00e0 la taxation du tabac. Ils le sont m\u00eame plus que les adolescents (DeCicca et al. 2008). L\u2019article 6 de la Convention-cadre de l\u2019OMS pour la lutte antitabac pr\u00e9sente les mesures [&hellip;]<\/p>\n","protected":false},"featured_media":14868,"template":"","tags":[],"thematique":[491,474],"class_list":["post-19461","actualites","type-actualites","status-publish","has-post-thumbnail","hentry","thematique-politiques-publiques","thematique-sante"],"acf":[],"_links":{"self":[{"href":"https:\/\/www.generationsanstabac.org\/fr\/wp-json\/wp\/v2\/actualites\/19461","targetHints":{"allow":["GET"]}}],"collection":[{"href":"https:\/\/www.generationsanstabac.org\/fr\/wp-json\/wp\/v2\/actualites"}],"about":[{"href":"https:\/\/www.generationsanstabac.org\/fr\/wp-json\/wp\/v2\/types\/actualites"}],"version-history":[{"count":0,"href":"https:\/\/www.generationsanstabac.org\/fr\/wp-json\/wp\/v2\/actualites\/19461\/revisions"}],"wp:featuredmedia":[{"embeddable":true,"href":"https:\/\/www.generationsanstabac.org\/fr\/wp-json\/wp\/v2\/media\/14868"}],"wp:attachment":[{"href":"https:\/\/www.generationsanstabac.org\/fr\/wp-json\/wp\/v2\/media?parent=19461"}],"wp:term":[{"taxonomy":"post_tag","embeddable":true,"href":"https:\/\/www.generationsanstabac.org\/fr\/wp-json\/wp\/v2\/tags?post=19461"},{"taxonomy":"thematique","embeddable":true,"href":"https:\/\/www.generationsanstabac.org\/fr\/wp-json\/wp\/v2\/thematique?post=19461"}],"curies":[{"name":"wp","href":"https:\/\/api.w.org\/{rel}","templated":true}]}}