{"id":19460,"date":"2019-12-27T12:55:17","date_gmt":"2019-12-27T11:55:17","guid":{"rendered":"https:\/\/www.generationsanstabac.org\/actualites\/les-contradictions-de-la-lutte-contre-le-tabagisme-en-milieu-carceral\/"},"modified":"2019-12-27T12:55:17","modified_gmt":"2019-12-27T11:55:17","slug":"les-contradictions-de-la-lutte-contre-le-tabagisme-en-milieu-carceral","status":"publish","type":"actualites","link":"https:\/\/www.generationsanstabac.org\/fr\/actualites\/les-contradictions-de-la-lutte-contre-le-tabagisme-en-milieu-carceral\/","title":{"rendered":"Les contradictions de la lutte contre le tabagisme en milieu carc\u00e9ral"},"content":{"rendered":"<p style=\"text-align: justify;\">En France, depuis le d\u00e9cret du 30 avril 2013, la r\u00e9gulation du tabac en d\u00e9tention est fix\u00e9e par le r\u00e8glement int\u00e9rieur dans le milieu carc\u00e9ral :  le tabagisme est autoris\u00e9 dans certains lieux \u00e0 usage collectif, notamment les cellules et les lieux de promenade.<\/p>\n<p style=\"text-align: justify;\">Cette \u00e9volution s\u2019inscrit \u00e0 rebours des restrictions croissantes du tabac dans les espaces \u00e0 usage collectif. Tandis que la loi du 9 juillet 1976 puis la loi Evin du 10 janvier 1991 visent \u00e0 prot\u00e9ger les individus de la fum\u00e9e de tabac, le milieu carc\u00e9ral conna\u00eet une tendance contraire : en 1983, le tabac est autoris\u00e9 en d\u00e9tention sauf contre-indication m\u00e9dicale.<\/p>\n<p style=\"text-align: justify;\">Au c\u0153ur de cette contradiction, l\u2019enjeu de la s\u00e9curit\u00e9 en cas d\u2019interdiction de fumer est point\u00e9e par une circulaire de 2007 \u00ab Il s\u2019agit que le gain attendu en mati\u00e8re de sant\u00e9 publique ne s\u2019accompagne pas de tensions excessives dans la gestion des d\u00e9tentions<a href=\"#_ftn1\" name=\"_ftnref1\">[1]<\/a> \u00bb. Il revient au directeur de l\u2019\u00e9tablissement de d\u00e9cider des fa\u00e7ons d\u2019appliquer la r\u00e8glementation en arbitrant les risques de s\u00e9curit\u00e9 li\u00e9s \u00e0 l\u2019interdiction de fumer<a href=\"#_ftn2\" name=\"_ftnref2\">[2]<\/a>. Cette marge de man\u0153uvre importante donne lieu \u00e0 des disparit\u00e9s entre les centres de d\u00e9tention.<\/p>\n<p style=\"text-align: justify;\">Le tabagisme fait partie du quotidien des individus. D\u2019ailleurs, la pr\u00e9valence du tabagisme est estim\u00e9e \u00e0 81% en prison. L\u2019omnipr\u00e9sence du tabac dans les \u00e9tablissements p\u00e9nitentiaires expose les d\u00e9tenus au tabagisme passif au d\u00e9triment de leur sant\u00e9. Le tribunal administratif de Caen a condamn\u00e9 l\u2019Etat \u00e0 d\u00e9dommager un ancien d\u00e9tenu expos\u00e9 \u00e0 la fum\u00e9e de tabac pendant sa d\u00e9tention<a href=\"#_ftn3\" name=\"_ftnref3\">[3]<\/a><\/p>\n<p style=\"text-align: justify;\"><a href=\"https:\/\/www.generationsanstabac.org\/actualites\/le-tabagisme-passif-en-prison\/\" target=\"_blank\" rel=\"noopener noreferrer\">Voir l&rsquo;actualit\u00e9 le tabagisme passif en prison<\/a><\/p>\n<p><span style=\"color: #666699;\">\u00a9G\u00e9n\u00e9ration Sans Tabac<\/span><\/p>\n<hr \/>\n<p><em><a href=\"#_ftnref1\" name=\"_ftn1\">[1]<\/a> Circulaire interminist\u00e9rielle DHOS\/O2\/DAP n<sup>o<\/sup> 2007-157 du 31 janvier 2007 relative aux conditions d\u2019application de l\u2019interdiction de fumer dans les lieux relevant de l\u2019administration p\u00e9nitentiaire<\/em><\/p>\n<p><em><a href=\"#_ftnref2\" name=\"_ftn2\">[2]<\/a> HARCOUET L., BALANGER S., MEUNIER N. et al, \u00ab La r\u00e9duction tabagique \u00e0 la maison d\u2019arr\u00eat de Paris-La Sant\u00e9\u00bb, La Revue de m\u00e9decine interne, 29, 357-363, 2008, p. 357.<\/em><\/p>\n<p><em><a href=\"#_ftnref3\" name=\"_ftn3\">[3]<\/a> D\u00e9cision du Tribunal Administratif de Caen en date du 24 septembre 2015 TA de Caen, 1e\u0300re chambre, n\u00b01500035, 24\/09\/2015<\/em><\/p>\n<p><span style=\"color: #e8e8e8;\">|| \u00a9DNF Pour un monde Z\u00e9ro Tabac <\/span><\/p>\n","protected":false},"excerpt":{"rendered":"<p>En France, depuis le d\u00e9cret du 30 avril 2013, la r\u00e9gulation du tabac en d\u00e9tention est fix\u00e9e par le r\u00e8glement int\u00e9rieur dans le milieu carc\u00e9ral : le tabagisme est autoris\u00e9 dans certains lieux \u00e0 usage collectif, notamment les cellules et les lieux de promenade. Cette \u00e9volution s\u2019inscrit \u00e0 rebours des restrictions croissantes du tabac dans [&hellip;]<\/p>\n","protected":false},"featured_media":19459,"template":"","tags":[],"thematique":[474],"class_list":["post-19460","actualites","type-actualites","status-publish","has-post-thumbnail","hentry","thematique-sante"],"acf":[],"_links":{"self":[{"href":"https:\/\/www.generationsanstabac.org\/fr\/wp-json\/wp\/v2\/actualites\/19460","targetHints":{"allow":["GET"]}}],"collection":[{"href":"https:\/\/www.generationsanstabac.org\/fr\/wp-json\/wp\/v2\/actualites"}],"about":[{"href":"https:\/\/www.generationsanstabac.org\/fr\/wp-json\/wp\/v2\/types\/actualites"}],"version-history":[{"count":0,"href":"https:\/\/www.generationsanstabac.org\/fr\/wp-json\/wp\/v2\/actualites\/19460\/revisions"}],"wp:featuredmedia":[{"embeddable":true,"href":"https:\/\/www.generationsanstabac.org\/fr\/wp-json\/wp\/v2\/media\/19459"}],"wp:attachment":[{"href":"https:\/\/www.generationsanstabac.org\/fr\/wp-json\/wp\/v2\/media?parent=19460"}],"wp:term":[{"taxonomy":"post_tag","embeddable":true,"href":"https:\/\/www.generationsanstabac.org\/fr\/wp-json\/wp\/v2\/tags?post=19460"},{"taxonomy":"thematique","embeddable":true,"href":"https:\/\/www.generationsanstabac.org\/fr\/wp-json\/wp\/v2\/thematique?post=19460"}],"curies":[{"name":"wp","href":"https:\/\/api.w.org\/{rel}","templated":true}]}}