{"id":19454,"date":"2019-12-27T12:43:50","date_gmt":"2019-12-27T11:43:50","guid":{"rendered":"https:\/\/www.generationsanstabac.org\/actualites\/le-cercle-vicieux-du-tabagisme-dans-les-logements-sociaux\/"},"modified":"2019-12-27T12:43:50","modified_gmt":"2019-12-27T11:43:50","slug":"le-cercle-vicieux-du-tabagisme-dans-les-logements-sociaux","status":"publish","type":"actualites","link":"https:\/\/www.generationsanstabac.org\/fr\/actualites\/le-cercle-vicieux-du-tabagisme-dans-les-logements-sociaux\/","title":{"rendered":"Le cercle vicieux du tabagisme dans les logements sociaux"},"content":{"rendered":"<p style=\"text-align: justify;\">Un individu sur trois r\u00e9sidant dans un logement social est fumeur. C\u2019est deux fois plus que le taux relev\u00e9 dans la population g\u00e9n\u00e9rale<a href=\"#_ftn1\" name=\"_ftnref1\">[1]<\/a>. Action on Smoking and Health (ASH) a publi\u00e9 une \u00e9tude en 2019 qui r\u00e9v\u00e8le les in\u00e9galit\u00e9s face au tabagisme passif selon les formes de l\u2019habitat.<\/p>\n<p style=\"text-align: justify;\">Les fumeurs pauvres ont tendance \u00e0 \u00eatre plus d\u00e9pendants, \u00e0 fumer plus fr\u00e9quemment et \u00e0 avoir plus de difficult\u00e9 \u00e0 se sevrer<a href=\"#_ftn2\" name=\"_ftnref2\">[2]<\/a>. Le tabagisme exacerbe la pauvret\u00e9 et les d\u00e9penses li\u00e9es au tabac constituent un poste budg\u00e9taire non n\u00e9gligeable pour les fumeurs<a href=\"#_ftn3\" name=\"_ftnref3\">[3]<\/a>. Les difficult\u00e9s de sevrage sont d\u2019ailleurs accrues \u00e0 cause de l\u2019environnement tabagique.<\/p>\n<p style=\"text-align: justify;\">Cette pr\u00e9valence constitue un facteur d\u2019exposition \u00e0 la fum\u00e9e de tabac pour l\u2019ensemble des habitants qui entourent les fumeurs. Les enfants \u00e9voluant dans des communaut\u00e9s o\u00f9 fumer est acceptable socialement ont plus de risques de devenir fumeurs que les autres<a href=\"#_ftn4\" name=\"_ftnref4\">[4]<\/a>. Le tabagisme passif peut \u00e9galement avoir un impact sur les voisins qui subissent \u00e9galement la fum\u00e9e. Cette exposition est d\u2019autant plus dommageable qu\u2019elle se poursuit sur le temps du sommeil et que les individus passent une majeure partie de leur temps au domicile<a href=\"#_ftn5\" name=\"_ftnref5\">[5]<\/a>.<\/p>\n<p style=\"text-align: justify;\">Enfin, le tabagisme peut \u00eatre un facteur d\u2019insalubrit\u00e9 des logements sociaux : il d\u00e9grade les parois et impr\u00e8gne les lieux. Cela peut provoquer des risques de tabagisme tertiaire pour les occupants du logement. Il peut \u00e9galement provoquer des incendies domestiques.<\/p>\n<p style=\"text-align: justify;\">La pr\u00e9valence du tabac dans les logements sociaux est largement responsable de la reproduction des comportements tabagiques dans les communaut\u00e9s d\u00e9valoris\u00e9es socialement. Ces niveaux de pr\u00e9valence sont d\u2019autant plus verrouill\u00e9s qu\u2019ils sont auto-entretenus<a href=\"#_ftn6\" name=\"_ftnref6\">[6]<\/a>.<\/p>\n<p><a href=\"https:\/\/www.generationsanstabac.org\/\" target=\"_blank\" rel=\"noopener noreferrer\"><span style=\"color: #666699;\">\u00a9G\u00e9n\u00e9ration Sans Tabac<\/span><\/a><\/p>\n<hr \/>\n<p><em><a href=\"#_ftnref1\" name=\"_ftn1\">[1]<\/a> Office for National Statistics. Smoking status and housing tenure, England and London, 2015 to 2017. [Online] 2018. [Cited: 19 10 2018.] https:\/\/ www.ons.gov.uk\/peoplepopulationandcommunity\/healthandsocialcare\/drugusealcoholandsmoking\/adhocs\/007751smokingstatusandhousingtenureen\u00adglandandlondon2015to2016.<\/em><\/p>\n<p><em><a href=\"#_ftnref2\" name=\"_ftn2\">[2]<\/a> Institute of Health Equity. Fair Society, Healthy Lives. s.l. : Institute of Health Equity, 2010)<\/em><\/p>\n<p><em><a href=\"#_ftnref3\" name=\"_ftn3\">[3]<\/a> (World Health Organisation. Healthy envrionments for children. World Health Organisation. [Online] [Cit\u00e9 le 13\/12\/2019.])<\/em><\/p>\n<p><em><a href=\"#_ftnref4\" name=\"_ftn4\">[4]<\/a> (Office for National Statistics. Detailed analysis of fires attended. s.l. : Office for National Statistics by fire and rescue services, England, April 2016 to March 2017, 2017)<\/em><\/p>\n<p><em><a href=\"#_ftnref5\" name=\"_ftn5\">[5]<\/a> (Smoke exposure during sleep. Source : Canha, Nuno, Joana Lage, Joana Teixeira Coutinho, C\u00e9lia Alves, et Susana Marta Almeida. \u00ab Comparison of indoor air quality during sleep in smokers and non-smokers\u2019 bedrooms: A preliminary study \u00bb. Environmental Pollution 249 (1 juin 2019): 248 56)<\/em><\/p>\n<p><em><a href=\"#_ftnref6\" name=\"_ftn6\">[6]<\/a> Royal College of Physicians. Tobacco Advisory Group of the Royal College of Physicians, Passive smoking and children. [Online] March 2010. https:\/\/ cdn.shopify.com\/s\/files\/1\/0924\/4392\/files\/passive-smoking-and-children.pdf?15599436013786148553.<\/em><\/p>\n<p><span style=\"color: #e8e8e8;\">|| \u00a9DNF Pour un monde Z\u00e9ro Tabac <\/span><\/p>\n","protected":false},"excerpt":{"rendered":"<p>Un individu sur trois r\u00e9sidant dans un logement social est fumeur. C\u2019est deux fois plus que le taux relev\u00e9 dans la population g\u00e9n\u00e9rale[1]. Action on Smoking and Health (ASH) a publi\u00e9 une \u00e9tude en 2019 qui r\u00e9v\u00e8le les in\u00e9galit\u00e9s face au tabagisme passif selon les formes de l\u2019habitat. Les fumeurs pauvres ont tendance \u00e0 \u00eatre [&hellip;]<\/p>\n","protected":false},"featured_media":14853,"template":"","tags":[],"thematique":[474],"class_list":["post-19454","actualites","type-actualites","status-publish","has-post-thumbnail","hentry","thematique-sante"],"acf":[],"_links":{"self":[{"href":"https:\/\/www.generationsanstabac.org\/fr\/wp-json\/wp\/v2\/actualites\/19454","targetHints":{"allow":["GET"]}}],"collection":[{"href":"https:\/\/www.generationsanstabac.org\/fr\/wp-json\/wp\/v2\/actualites"}],"about":[{"href":"https:\/\/www.generationsanstabac.org\/fr\/wp-json\/wp\/v2\/types\/actualites"}],"version-history":[{"count":0,"href":"https:\/\/www.generationsanstabac.org\/fr\/wp-json\/wp\/v2\/actualites\/19454\/revisions"}],"wp:featuredmedia":[{"embeddable":true,"href":"https:\/\/www.generationsanstabac.org\/fr\/wp-json\/wp\/v2\/media\/14853"}],"wp:attachment":[{"href":"https:\/\/www.generationsanstabac.org\/fr\/wp-json\/wp\/v2\/media?parent=19454"}],"wp:term":[{"taxonomy":"post_tag","embeddable":true,"href":"https:\/\/www.generationsanstabac.org\/fr\/wp-json\/wp\/v2\/tags?post=19454"},{"taxonomy":"thematique","embeddable":true,"href":"https:\/\/www.generationsanstabac.org\/fr\/wp-json\/wp\/v2\/thematique?post=19454"}],"curies":[{"name":"wp","href":"https:\/\/api.w.org\/{rel}","templated":true}]}}