{"id":19453,"date":"2019-12-27T10:31:11","date_gmt":"2019-12-27T09:31:11","guid":{"rendered":"https:\/\/www.generationsanstabac.org\/actualites\/la-voiture-haut-lieu-du-tabagisme-passif\/"},"modified":"2019-12-27T10:31:11","modified_gmt":"2019-12-27T09:31:11","slug":"la-voiture-haut-lieu-du-tabagisme-passif","status":"publish","type":"actualites","link":"https:\/\/www.generationsanstabac.org\/fr\/actualites\/la-voiture-haut-lieu-du-tabagisme-passif\/","title":{"rendered":"La voiture, haut-lieu du tabagisme passif"},"content":{"rendered":"<p style=\"text-align: justify;\">Une cigarette fum\u00e9e dans l\u2019habitacle d\u2019une voiture expose ses passagers \u00e0 des niveaux tr\u00e8s \u00e9lev\u00e9s de nicotine.<\/p>\n<p style=\"text-align: justify;\">Selon une \u00e9tude de 2009<a href=\"#_ftn1\" name=\"_ftnref1\"><sup>[1]<\/sup><\/a>, les taux de nicotine mesur\u00e9s dans les voitures de fumeurs d\u00e9passent ceux enregistr\u00e9s dans les espaces int\u00e9rieurs publics ou priv\u00e9s o\u00f9 l\u2019usage du tabac est permis. Les chercheurs qui ont conduit cette \u00e9tude ont plac\u00e9 des instruments de mesure sur l\u2019appuie-t\u00eate du passager avant ainsi que sur la banquette arri\u00e8re derri\u00e8re le conducteur. Apr\u00e8s analyse des \u00e9chantillons, il s\u2019av\u00e8re que les taux enregistr\u00e9s de nicotine doublent apr\u00e8s chaque cigarette fum\u00e9e. L\u2019\u00e9tude concluait alors que les niveaux relev\u00e9s sont inacceptables, notamment pour les enfants : lorsque les fen\u00eatres sont ferm\u00e9es, la concentration de monoxyde de carbone est deux \u00e0 trois fois plus haut que celui d\u2019une route embouteill\u00e9e \u00e0 l\u2019heure de pointe<a href=\"#_ftn2\" name=\"_ftnref2\"><sup>[2]<\/sup><\/a>.<\/p>\n<p style=\"text-align: justify;\">Ouvrir la fen\u00eatre ne suffit pas \u00e0 dissiper l\u2019int\u00e9gralit\u00e9 de la fum\u00e9e. Une \u00e9tude montre que m\u00eame lorsque les fen\u00eatres sont ouvertes, les niveaux de produits chimiques pr\u00e9sents dans l\u2019air sont cent fois plus \u00e9lev\u00e9s que les seuils autoris\u00e9s<a href=\"#_ftn3\" name=\"_ftnref3\"><sup>[3]<\/sup><\/a>.<\/p>\n<p style=\"text-align: justify;\">Les particules fines d\u00e9pos\u00e9es sur les tissus de l\u2019habitacle, qui constituent le \u00ab courant tertiaire \u00bb (report article tabagisme tertiaire), constituent un autre danger qui persiste bien apr\u00e8s le courant secondaire. Le projet de loi sant\u00e9 de Marisol Touraine indique par ailleurs que \u00ab la concentration de particules fines sur les si\u00e8ges arri\u00e8re de v\u00e9hicule est dix fois plus \u00e9lev\u00e9e dans la voiture d\u2019un fumeur que dans celle d\u2019un non-fumeur \u00bb (octobre 2014).<\/p>\n<p style=\"text-align: justify;\">Le tabagisme passif cause la mort de 1.2 millions de non-fumeurs expos\u00e9s involontairement \u00e0 la fum\u00e9e dans le monde chaque ann\u00e9e. Les enfants sont d\u2019autant plus vuln\u00e9rables \u00e0 la fum\u00e9e de tabac que leurs poumons sont encore en train de se d\u00e9velopper.<\/p>\n<p style=\"text-align: justify;\"><span style=\"color: #666699;\">\u00a9G\u00e9n\u00e9ration Sans Tabac<\/span><\/p>\n<hr \/>\n<p><em><a href=\"#_ftnref1\" name=\"_ftn1\">[1]<\/a> Jones MR, Navas-Acien A, Yuan J, et al,  \u00ab Secondhand tobacco smoke concentrations in motor vehicles: a pilot study \u00bb, Tobacco Control 2009;18:399-404.<\/em><\/p>\n<p><em><a href=\"#_ftnref2\" name=\"_ftn2\">[2]<\/a> Recherche de Newcastle University, Public Health England and Fresh, 2015<\/em><\/p>\n<p><em><a href=\"#_ftnref3\" name=\"_ftn3\">[3]<\/a> Recherche de Newcastle University, Public Health England and Fresh, 2015<\/em><\/p>\n<p><span style=\"color: #e8e8e8;\">|| \u00a9DNF Pour un monde Z\u00e9ro Tabac <\/span><\/p>\n","protected":false},"excerpt":{"rendered":"<p>Une cigarette fum\u00e9e dans l\u2019habitacle d\u2019une voiture expose ses passagers \u00e0 des niveaux tr\u00e8s \u00e9lev\u00e9s de nicotine. Selon une \u00e9tude de 2009[1], les taux de nicotine mesur\u00e9s dans les voitures de fumeurs d\u00e9passent ceux enregistr\u00e9s dans les espaces int\u00e9rieurs publics ou priv\u00e9s o\u00f9 l\u2019usage du tabac est permis. Les chercheurs qui ont conduit cette \u00e9tude [&hellip;]<\/p>\n","protected":false},"featured_media":19442,"template":"","tags":[],"thematique":[474],"class_list":["post-19453","actualites","type-actualites","status-publish","has-post-thumbnail","hentry","thematique-sante"],"acf":[],"_links":{"self":[{"href":"https:\/\/www.generationsanstabac.org\/fr\/wp-json\/wp\/v2\/actualites\/19453","targetHints":{"allow":["GET"]}}],"collection":[{"href":"https:\/\/www.generationsanstabac.org\/fr\/wp-json\/wp\/v2\/actualites"}],"about":[{"href":"https:\/\/www.generationsanstabac.org\/fr\/wp-json\/wp\/v2\/types\/actualites"}],"version-history":[{"count":0,"href":"https:\/\/www.generationsanstabac.org\/fr\/wp-json\/wp\/v2\/actualites\/19453\/revisions"}],"wp:featuredmedia":[{"embeddable":true,"href":"https:\/\/www.generationsanstabac.org\/fr\/wp-json\/wp\/v2\/media\/19442"}],"wp:attachment":[{"href":"https:\/\/www.generationsanstabac.org\/fr\/wp-json\/wp\/v2\/media?parent=19453"}],"wp:term":[{"taxonomy":"post_tag","embeddable":true,"href":"https:\/\/www.generationsanstabac.org\/fr\/wp-json\/wp\/v2\/tags?post=19453"},{"taxonomy":"thematique","embeddable":true,"href":"https:\/\/www.generationsanstabac.org\/fr\/wp-json\/wp\/v2\/thematique?post=19453"}],"curies":[{"name":"wp","href":"https:\/\/api.w.org\/{rel}","templated":true}]}}