{"id":19450,"date":"2019-12-27T10:20:27","date_gmt":"2019-12-27T09:20:27","guid":{"rendered":"https:\/\/www.generationsanstabac.org\/actualites\/linterdiction-de-fumer-dans-un-vehicule-prive\/"},"modified":"2019-12-27T10:20:27","modified_gmt":"2019-12-27T09:20:27","slug":"linterdiction-de-fumer-dans-un-vehicule-prive","status":"publish","type":"actualites","link":"https:\/\/www.generationsanstabac.org\/fr\/actualites\/linterdiction-de-fumer-dans-un-vehicule-prive\/","title":{"rendered":"L\u2019interdiction de fumer dans un v\u00e9hicule priv\u00e9"},"content":{"rendered":"<p style=\"text-align: justify;\">Depuis le 1<sup>er<\/sup> juillet 2015 en France, il est interdit \u00e0 tous les occupants d\u2019un v\u00e9hicule de fumer en pr\u00e9sence d\u2019un mineur<a href=\"#_ftn1\" name=\"_ftnref1\"><sup>[1]<\/sup><\/a>. Il s\u2019agit de la premi\u00e8re loi d\u2019interdiction de fumer portant sur un espace priv\u00e9.<\/p>\n<p style=\"text-align: justify;\">Il s\u2019agit d\u2019une mesure de sant\u00e9 publique formul\u00e9e dans le cadre du projet de loi sant\u00e9 de Marisol Touraine. La proposition de loi r\u00e9dig\u00e9e par le minist\u00e8re de la sant\u00e9 indique alors que \u00ab la concentration de particules fines sur les si\u00e8ges arri\u00e8re de v\u00e9hicule est dix fois plus \u00e9lev\u00e9e dans la voiture d\u2019un fumeur que dans celle d\u2019un non-fumeur. Cette concentration est plus de trois fois sup\u00e9rieures au seuil moyen admis par l\u2019OMS \u00bb. Le texte ciblait initialement les mineurs de moins de douze ans ; le groupe UDI a propos\u00e9 <em>in extremis<\/em> un amendement proposant l\u2019extension de l\u2019\u00e2ge des passagers \u00e0 18 ans. Contre l\u2019avis du gouvernement et du rapporteur socialiste Olivier V\u00e9ran, l\u2019amendement a \u00e9t\u00e9 vot\u00e9 par le parlement.<\/p>\n<p style=\"text-align: justify;\">Des sanctions sont pr\u00e9vues pour les contrevenants : ces derniers risquent 68 euros d\u2019amende qui peut aller jusqu\u2019\u00e0 450 euros (contravention de 3<sup>\u00e8me<\/sup> classe). Cette loi ne porte que sur les moyens de transports priv\u00e9s. Il est d\u2019ores et d\u00e9j\u00e0 interdit de fumer dans tous les moyens de transport collectifs, qu\u2019ils soient g\u00e9r\u00e9s par une administration ou une entreprise publique ou priv\u00e9e<a href=\"#_ftn2\" name=\"_ftnref2\"><sup>[2]<\/sup><\/a>.<\/p>\n<p style=\"text-align: justify;\">N\u00e9anmoins, cette loi ne prot\u00e8ge pas les mineurs du tabagisme tertiaire (lien article tabagisme tertiaire) : les \u00e9manations toxiques du tabac se poursuivent bien apr\u00e8s que la derni\u00e8re cigarette a \u00e9t\u00e9 \u00e9teinte (article sur risques du tabagisme passif en voiture). Les enfants sont d\u2019autant plus vuln\u00e9rables \u00e0 la fum\u00e9e de tabac que leurs poumons sont encore en train de se d\u00e9velopper.<\/p>\n<p style=\"text-align: justify;\"><span style=\"color: #666699;\">\u00a9G\u00e9n\u00e9ration Sans Tabac<\/span><\/p>\n<hr \/>\n<p><em><a href=\"#_ftnref1\" name=\"_ftn1\">[1]<\/a> Code de la sant\u00e9 publique-Article L3511-7-2 : \u00ab Il est interdit \u00e0 tous les occupants d\u2019un v\u00e9hicule de fumer en pr\u00e9sence d\u2019un enfant de moins de dix-huit ans \u00bb. <\/em><\/p>\n<p><em><a href=\"#_ftnref2\" name=\"_ftn2\">[2]<\/a> Circulaire du 29 novembre 2006<\/em><\/p>\n<p><span style=\"color: #e8e8e8;\">|| \u00a9DNF Pour un monde Z\u00e9ro Tabac<\/span><\/p>\n","protected":false},"excerpt":{"rendered":"<p>Depuis le 1er juillet 2015 en France, il est interdit \u00e0 tous les occupants d\u2019un v\u00e9hicule de fumer en pr\u00e9sence d\u2019un mineur[1]. Il s\u2019agit de la premi\u00e8re loi d\u2019interdiction de fumer portant sur un espace priv\u00e9. Il s\u2019agit d\u2019une mesure de sant\u00e9 publique formul\u00e9e dans le cadre du projet de loi sant\u00e9 de Marisol Touraine. [&hellip;]<\/p>\n","protected":false},"featured_media":19442,"template":"","tags":[],"thematique":[474],"class_list":["post-19450","actualites","type-actualites","status-publish","has-post-thumbnail","hentry","thematique-sante"],"acf":[],"_links":{"self":[{"href":"https:\/\/www.generationsanstabac.org\/fr\/wp-json\/wp\/v2\/actualites\/19450","targetHints":{"allow":["GET"]}}],"collection":[{"href":"https:\/\/www.generationsanstabac.org\/fr\/wp-json\/wp\/v2\/actualites"}],"about":[{"href":"https:\/\/www.generationsanstabac.org\/fr\/wp-json\/wp\/v2\/types\/actualites"}],"version-history":[{"count":0,"href":"https:\/\/www.generationsanstabac.org\/fr\/wp-json\/wp\/v2\/actualites\/19450\/revisions"}],"wp:featuredmedia":[{"embeddable":true,"href":"https:\/\/www.generationsanstabac.org\/fr\/wp-json\/wp\/v2\/media\/19442"}],"wp:attachment":[{"href":"https:\/\/www.generationsanstabac.org\/fr\/wp-json\/wp\/v2\/media?parent=19450"}],"wp:term":[{"taxonomy":"post_tag","embeddable":true,"href":"https:\/\/www.generationsanstabac.org\/fr\/wp-json\/wp\/v2\/tags?post=19450"},{"taxonomy":"thematique","embeddable":true,"href":"https:\/\/www.generationsanstabac.org\/fr\/wp-json\/wp\/v2\/thematique?post=19450"}],"curies":[{"name":"wp","href":"https:\/\/api.w.org\/{rel}","templated":true}]}}