{"id":19441,"date":"2019-12-26T14:05:18","date_gmt":"2019-12-26T13:05:18","guid":{"rendered":"https:\/\/www.generationsanstabac.org\/actualites\/tabagisme-passif-et-maladies-respiratoires-de-lenfant\/"},"modified":"2019-12-26T14:05:18","modified_gmt":"2019-12-26T13:05:18","slug":"tabagisme-passif-et-maladies-respiratoires-de-lenfant","status":"publish","type":"actualites","link":"https:\/\/www.generationsanstabac.org\/fr\/actualites\/tabagisme-passif-et-maladies-respiratoires-de-lenfant\/","title":{"rendered":"Tabagisme passif et maladies respiratoires de l&rsquo;enfant"},"content":{"rendered":"<p style=\"text-align: justify;\">Le tabagisme passif r\u00e9sulte de l\u2019inhalation involontaire par un tiers de la fum\u00e9e produite par la consommation d\u2019un produit du tabac. La fum\u00e9e de tabac est la source la plus dangereuse de pollution de l\u2019air au domicile, en raison de sa concentration \u00e9lev\u00e9e en produits toxiques. <a href=\"https:\/\/quebecsanstabac.ca\/je-minforme\/tabac-toutes-formes\/composants-chimiques-tabac\">Elle contient plus de 7 000 produits chimiques, dont 70 sont canc\u00e9rig\u00e8nes<\/a>. Alors qu\u2019elle devient rapidement invisible et sans odeur, la fum\u00e9e de tabac persiste dans l\u2019air pendant plusieurs heures. La fum\u00e9e de tabac environnementale, responsable du tabagisme passif,  irrite les yeux, le nez et la gorge des personnes qui y sont expos\u00e9es. Elle expose les personnes pr\u00e9sentes \u00e0 un risque maladies cardiovasculaires (infarctus, AVC), de cancer du poumon et de maladies respiratoires chroniques. Le tabagisme passif, s\u2019il est plus toxique dans un environnement ferm\u00e9, l\u2019est \u00e9galement dans un environnement ouvert, en particulier dans les lieux couverts (terrasse, abri bus\u2026)<\/p>\n<p style=\"text-align: justify;\">Les enfants sont souvent plus expos\u00e9s au tabagisme passif que les adultes. Chez les enfants, l\u2019exposition au tabagisme passif provoque les maladies respiratoires suivantes<a href=\"#_ftn1\" name=\"_ftnref1\">[1]<\/a> :<\/p>\n<ul style=\"text-align: justify;\">\n<li><strong>Sympt\u00f4mes respiratoires fr\u00e9quents (par exemple, toux, \u00e9ternuement et essoufflement)<\/strong><\/li>\n<li><strong>Crises d&rsquo;asthme plus fr\u00e9quentes et plus s\u00e9v\u00e8res<\/strong><\/li>\n<li><strong>Infections respiratoires plus fr\u00e9quentes (otites, sinusites, bronchites et pneumonies)<\/strong><\/li>\n<li><strong>D\u00e9veloppement alt\u00e9r\u00e9 des poumons avec perte de capacit\u00e9 respiratoire jusqu\u2019\u00e0 l\u2019\u00e2ge adulte.<\/strong><\/li>\n<\/ul>\n<p style=\"text-align: justify;\">Dans le monde, tous les ans plus de 60 000 enfants de moins de cinq ans meurent d\u2019infections des voies respiratoires inf\u00e9rieures caus\u00e9es par le tabagisme passif<a href=\"#_ftn2\" name=\"_ftnref2\">[2]<\/a>. Ceux qui parviennent \u00e0 l\u2019\u00e2ge adulte seront plus susceptibles de d\u00e9velopper par la suite une broncho-pneumopathie chronique obstructive (BPCO).<\/p>\n<p style=\"text-align: justify;\">Aux risques li\u00e9s au tabagisme passif s\u2019ajoutent ceux li\u00e9s au <a href=\"https:\/\/www.generationsanstabac.org\/actualites\/le-tabagisme-tertiaire-encore-plus-meconnu-que-le-tabagisme-passif\/\" target=\"_blank\" rel=\"noopener noreferrer\">tabagisme ultra-passif.<\/a><\/p>\n<p><span style=\"color: #666699;\">\u00a9G\u00e9n\u00e9ration Sans Tabac<\/span><\/p>\n<hr \/>\n<p><em><a href=\"#_ftnref1\" name=\"_ftn1\">[1]<\/a>  <a href=\"https:\/\/www.cdc.gov\/tobacco\/data_statistics\/fact_sheets\/secondhand_smoke\/health_effects\/index.htm\">https:\/\/www.cdc.gov\/tobacco\/data_statistics\/fact_sheets\/secondhand_smoke\/health_effects\/index.htm<\/a><\/em><\/p>\n<p><em><a href=\"#_ftnref2\" name=\"_ftn2\">[2]<\/a> <a href=\"https:\/\/www.who.int\/fr\/news-room\/detail\/29-05-2019-who-highlights-huge-scale-of-tobacco-related-lung-disease-deaths\">https:\/\/www.who.int\/fr\/news-room\/detail\/29-05-2019-who-highlights-huge-scale-of-tobacco-related-lung-disease-deaths<\/a><\/em><\/p>\n<p><span style=\"color: #e8e8e8;\">| \u00a9Comit\u00e9 National Contre le Tabagisme |<\/span><\/p>\n","protected":false},"excerpt":{"rendered":"<p>Le tabagisme passif r\u00e9sulte de l\u2019inhalation involontaire par un tiers de la fum\u00e9e produite par la consommation d\u2019un produit du tabac. La fum\u00e9e de tabac est la source la plus dangereuse de pollution de l\u2019air au domicile, en raison de sa concentration \u00e9lev\u00e9e en produits toxiques. Elle contient plus de 7 000 produits chimiques, dont [&hellip;]<\/p>\n","protected":false},"featured_media":19442,"template":"","tags":[],"thematique":[474],"class_list":["post-19441","actualites","type-actualites","status-publish","has-post-thumbnail","hentry","thematique-sante"],"acf":[],"_links":{"self":[{"href":"https:\/\/www.generationsanstabac.org\/fr\/wp-json\/wp\/v2\/actualites\/19441","targetHints":{"allow":["GET"]}}],"collection":[{"href":"https:\/\/www.generationsanstabac.org\/fr\/wp-json\/wp\/v2\/actualites"}],"about":[{"href":"https:\/\/www.generationsanstabac.org\/fr\/wp-json\/wp\/v2\/types\/actualites"}],"version-history":[{"count":0,"href":"https:\/\/www.generationsanstabac.org\/fr\/wp-json\/wp\/v2\/actualites\/19441\/revisions"}],"wp:featuredmedia":[{"embeddable":true,"href":"https:\/\/www.generationsanstabac.org\/fr\/wp-json\/wp\/v2\/media\/19442"}],"wp:attachment":[{"href":"https:\/\/www.generationsanstabac.org\/fr\/wp-json\/wp\/v2\/media?parent=19441"}],"wp:term":[{"taxonomy":"post_tag","embeddable":true,"href":"https:\/\/www.generationsanstabac.org\/fr\/wp-json\/wp\/v2\/tags?post=19441"},{"taxonomy":"thematique","embeddable":true,"href":"https:\/\/www.generationsanstabac.org\/fr\/wp-json\/wp\/v2\/thematique?post=19441"}],"curies":[{"name":"wp","href":"https:\/\/api.w.org\/{rel}","templated":true}]}}