{"id":27363,"date":"2026-08-31T07:00:15","date_gmt":"2026-08-31T05:00:15","guid":{"rendered":"https:\/\/www.generationsanstabac.org\/?post_type=actualites&#038;p=27363"},"modified":"2026-08-21T15:25:22","modified_gmt":"2026-08-21T13:25:22","slug":"vapotage-les-pediatres-britanniques-plaident-pour-renforcer-la-protection-des-jeunes","status":"publish","type":"actualites","link":"https:\/\/www.generationsanstabac.org\/en\/actualites\/vapotage-les-pediatres-britanniques-plaident-pour-renforcer-la-protection-des-jeunes\/","title":{"rendered":"Vaping: British pediatricians call for stronger protection for young people"},"content":{"rendered":"<p style=\"text-align: justify\"><em>Une revue de 81 \u00e9tudes men\u00e9e par le Coll\u00e8ge royal de p\u00e9diatrie et de sant\u00e9 infantile (RCPCH) met en \u00e9vidence des associations entre le vapotage et plusieurs effets sur la sant\u00e9 des enfants et des adolescents, notamment respiratoires<a href=\"#_ftn1\" name=\"_ftnref1\"><strong>[1]<\/strong><\/a>. Face \u00e0 ces r\u00e9sultats et \u00e0 la progression du vapotage chez les jeunes, les p\u00e9diatres britanniques appellent le Royaume-Uni et les autres gouvernements \u00e0 renforcer les mesures visant \u00e0 r\u00e9duire l\u2019attractivit\u00e9 et l\u2019accessibilit\u00e9 des cigarettes \u00e9lectroniques.<\/em><\/p>\n<h2 style=\"text-align: justify\">Des risques pour la sant\u00e9 des enfants et des adolescents<\/h2>\n<p style=\"text-align: justify\">Le RCPCH a examin\u00e9 plus de 14\u00a0000 articles publi\u00e9s, \u00e9valu\u00e9 325 \u00e9tudes en texte int\u00e9gral et synth\u00e9tis\u00e9 les donn\u00e9es de 81 \u00e9tudes consacr\u00e9es aux effets du vapotage chez les enfants et les jeunes jusqu\u2019\u00e0 19 ans. Sa synth\u00e8se, publi\u00e9e dans Archives of Disease in Childhood, associe le vapotage \u00e0 des effets n\u00e9fastes dans huit domaines sanitaires\u00a0et sociaux : la sant\u00e9 respiratoire, la sant\u00e9 mentale, l\u2019initiation au tabagisme, la sant\u00e9 bucco-dentaire, les allergies, le sommeil, les sympt\u00f4mes oculaires et les issues p\u00e9rinatales chez les b\u00e9b\u00e9s expos\u00e9s in utero.<\/p>\n<p style=\"text-align: justify\">Les associations les plus coh\u00e9rentes avec des effets n\u00e9fastes ont \u00e9t\u00e9 rapport\u00e9es dans de vastes \u00e9tudes transversales portant sur la toux, la respiration sifflante, les sympt\u00f4mes bronchitiques, l\u2019anxi\u00e9t\u00e9, la d\u00e9pression et les troubles paniques. Des analyses limit\u00e9es, stratifi\u00e9es par \u00e2ge, issues d\u2019\u00e9tudes de grande qualit\u00e9, ont montr\u00e9 que les associations concernant l\u2019initiation au tabagisme, le passage d\u2019un produit nicotinique au tabagisme et les sympt\u00f4mes psychiques pourraient \u00eatre plus marqu\u00e9es chez les jeunes adolescents.<\/p>\n<p style=\"text-align: justify\">Le professeur Will Carroll, coauteur de la revue, \u00e9voque des \u00ab liens clairs \u00bb avec les sympt\u00f4mes respiratoires, la d\u00e9pendance \u00e0 la nicotine et l&rsquo;initiation ult\u00e9rieure au tabagisme. En effet, sur 31 \u00e9tudes de haute et de moyenne qualit\u00e9, une forte association a \u00e9t\u00e9 observ\u00e9e entre la consommation pass\u00e9e, actuelle ou conjointe de cigarettes \u00e9lectroniques et l&rsquo;initiation ult\u00e9rieure \u00e0 la cigarette ainsi que la progression vers un tabagisme quotidien \u00e9tabli. Les chercheurs soulignent toutefois que les effets \u00e0 long terme du vapotage chez les jeunes restent encore insuffisamment document\u00e9s<a href=\"#_ftn2\" name=\"_ftnref2\">[2]<\/a>.<\/p>\n<h2 style=\"text-align: justify\">Le RCPCH demande de r\u00e9duire l\u2019attractivit\u00e9 des cigarettes \u00e9lectroniques<\/h2>\n<p style=\"text-align: justify\">Face \u00e0 ces r\u00e9sultats, le RCPCH estime que le vapotage ne doit pas \u00eatre consid\u00e9r\u00e9 comme une pratique anodine de l\u2019adolescence. L\u2019organisation appelle le gouvernement britannique \u00e0 renforcer les mesures visant \u00e0 r\u00e9duire l\u2019attractivit\u00e9 et l\u2019accessibilit\u00e9 des cigarettes \u00e9lectroniques pour les jeunes, notamment en limitant davantage les ar\u00f4mes disponibles.<\/p>\n<p style=\"text-align: justify\">Cette demande intervient alors que le gouvernement britannique a lanc\u00e9 une consultation de 12 semaines depuis juillet sur le conditionnement, la pr\u00e9sentation des cigarettes \u00e9lectroniques ainsi que leur exposition dans les lieux de vente. Les propositions pr\u00e9voient notamment un emballage neutre, le d\u00e9placement des cigarettes \u00e9lectroniques hors de vue dans les magasins et des restrictions sur les noms des saveurs de cigarettes \u00e9lectroniques afin d&#8217;emp\u00eacher l\u2019usage de noms inspir\u00e9s des bonbons, des desserts et de l&rsquo;alcool.<\/p>\n<h2 style=\"text-align: justify\">Des mesures qui s\u2019inscrivent dans une politique anti-tabac et nicotine plus large<\/h2>\n<p style=\"text-align: justify\">Ces propositions <a href=\"https:\/\/www.generationsanstabac.org\/fr\/actualites\/royaume-uni-vers-une-generation-sans-tabac\/\">compl\u00e8tent le Tobacco and Vapes Bill, adopt\u00e9 r\u00e9cemment au Royaume-Uni, qui pr\u00e9voit notamment une interdiction progressive de la vente de tabac aux personnes n\u00e9es \u00e0 partir du 1<sup>er<\/sup> janvier 2009<\/a>. Le RCPCH consid\u00e8re cette r\u00e9forme comme une \u00e9tape importante, tout en soulignant qu\u2019elle ne saurait constituer \u00e0 elle seule une r\u00e9ponse aux usages de nicotine chez les jeunes.<\/p>\n<p style=\"text-align: justify\">L\u2019organisation de sant\u00e9 publique Action on Smoking and Health (ASH) estime qu\u2019environ un jeune Britannique de 11 \u00e0 17 ans sur cinq (19 %) a d\u00e9j\u00e0 exp\u00e9riment\u00e9 la cigarette \u00e9lectronique, et que 6 % d&rsquo;entre eux utilisent actuellement la cigarette \u00e9lectronique, dont 2 % quotidiennement. Plusieurs acteurs de sant\u00e9 publique rappellent que si le vapotage seul est \u00ab moins \u00bb nocif que le tabagisme, il reste extr\u00eamement addictif, n\u2019est pas sans risques et les mineurs ainsi que les non-fumeurs ne devraient pas commencer.<\/p>\n<p style=\"text-align: justify\">Le gouvernement britannique indique pour sa part avoir d\u00e9j\u00e0 interdit les cigarettes \u00e9lectroniques jetables et pr\u00e9vu l\u2019interdiction de la publicit\u00e9 et du parrainage en faveur des produits du vapotage \u00e0 partir de 2027. Par ailleurs, le Premier ministre Andy Burnham souhaite accorder aux conseils municipaux des pouvoirs accrus pour restreindre les magasins sp\u00e9cialis\u00e9s de vapotage dans le cadre de son projet visant \u00e0 redynamiser les centres-villes britanniques. L\u2019installation de ces magasins rel\u00e8ve actuellement des m\u00eames r\u00e8gles que celles pour les caf\u00e9s et les magasins et ne n\u00e9cessit\u00e9 pas d\u2019autorisation particuli\u00e8re. Andy Burnham propose de classer ces commerces dans une cat\u00e9gorie distincte au niveau des r\u00e8gles de l\u2019urbanisme et de l\u2019occupation des sols, afin que les conseils municipaux puissent les accepter ou les refuser au cas par cas.<\/p>\n<p style=\"text-align: justify\">De telles pr\u00e9cautions pour prot\u00e9ger la jeunesse d\u2019un produit toxique et addictif sont transposables \u00e0 d\u2019autres pays. En France, <a href=\"https:\/\/www.generationsanstabac.org\/fr\/actualites\/contre-feu-denonce-le-marketing-agressif-des-produits-de-vapotage-et-demande-un-emballage-neutre\/\">les associations de sant\u00e9 publique comme Contre-Feu et le Comit\u00e9 national contre le tabagisme militent de m\u00eame pour r\u00e9duire l\u2019accessibilit\u00e9 et l\u2019attrait de ces produits<\/a>, notamment \u00e0 travers des mesures comme la limitation voire l\u2019interdiction des ar\u00f4mes, de la publicit\u00e9, promotion, parrainage et de la vente en ligne, un conditionnement neutre, de grands avertissements sanitaires ou encore la r\u00e9duction de certains seuils de nicotine.<\/p>\n<p style=\"text-align: justify\"><strong><a href=\"https:\/\/www.generationsanstabac.org\/\">\u00a9G\u00e9n\u00e9ration Sans Tabac<\/a><\/strong><\/p>\n<p style=\"text-align: right\"><em><strong>AD<\/strong><\/em><\/p>\n<hr \/>\n<p style=\"text-align: justify\"><a href=\"#_ftnref1\" name=\"_ftn1\">[1]<\/a>Oyella\u00a0P.,\u00a0Gilchrist\u00a0F.J.,\u00a0Talawila Da Camara\u00a0N., et al., <a href=\"https:\/\/adc.bmj.com\/content\/early\/2026\/07\/31\/archdischild-2025-330125\">Impacts of vaping on children and young people: a systematic review<\/a>, Archives of Disease in Childhood, publi\u00e9 le 19 ao\u00fbt 2026, consult\u00e9 le 20 ao\u00fbt 2026<\/p>\n<p style=\"text-align: justify\"><a href=\"#_ftnref2\" name=\"_ftn2\">[2]<\/a>Hugh Pym, Olivia Ireland, <a href=\"https:\/\/www.bbc.com\/news\/articles\/c0rdl0y8d4wo\">Vapes could lead to health harms in children, doctors warn<\/a>, BBC, publi\u00e9 le 20 ao\u00fbt 2026, consult\u00e9 le m\u00eame jour<\/p>\n<p style=\"text-align: justify\"><strong><a href=\"http:\/\/www.cnct.fr\/\" target=\"_blank\" rel=\"noopener noreferrer\">Comit\u00e9 national contre le tabagisme |<\/a><\/strong><\/p>\n","protected":false},"excerpt":{"rendered":"<p>A review of 81 studies conducted by the Royal College of Paediatrics and Child Health (RCPCH) highlights associations between vaping and several health effects in children and adolescents, particularly respiratory problems. In light of these findings and the increasing use of vaping among young people, British paediatricians are calling on the UK and other governments to strengthen measures aimed at reducing the appeal and accessibility of e-cigarettes.<\/p>","protected":false},"featured_media":27368,"template":"","tags":[],"thematique":[516,491],"class_list":["post-27363","actualites","type-actualites","status-publish","has-post-thumbnail","hentry","thematique-nouveaux-produits","thematique-politiques-publiques"],"acf":[],"_links":{"self":[{"href":"https:\/\/www.generationsanstabac.org\/en\/wp-json\/wp\/v2\/actualites\/27363","targetHints":{"allow":["GET"]}}],"collection":[{"href":"https:\/\/www.generationsanstabac.org\/en\/wp-json\/wp\/v2\/actualites"}],"about":[{"href":"https:\/\/www.generationsanstabac.org\/en\/wp-json\/wp\/v2\/types\/actualites"}],"version-history":[{"count":2,"href":"https:\/\/www.generationsanstabac.org\/en\/wp-json\/wp\/v2\/actualites\/27363\/revisions"}],"predecessor-version":[{"id":27367,"href":"https:\/\/www.generationsanstabac.org\/en\/wp-json\/wp\/v2\/actualites\/27363\/revisions\/27367"}],"wp:featuredmedia":[{"embeddable":true,"href":"https:\/\/www.generationsanstabac.org\/en\/wp-json\/wp\/v2\/media\/27368"}],"wp:attachment":[{"href":"https:\/\/www.generationsanstabac.org\/en\/wp-json\/wp\/v2\/media?parent=27363"}],"wp:term":[{"taxonomy":"post_tag","embeddable":true,"href":"https:\/\/www.generationsanstabac.org\/en\/wp-json\/wp\/v2\/tags?post=27363"},{"taxonomy":"thematique","embeddable":true,"href":"https:\/\/www.generationsanstabac.org\/en\/wp-json\/wp\/v2\/thematique?post=27363"}],"curies":[{"name":"wp","href":"https:\/\/api.w.org\/{rel}","templated":true}]}}