{"id":26748,"date":"2026-05-01T07:00:40","date_gmt":"2026-05-01T05:00:40","guid":{"rendered":"https:\/\/www.generationsanstabac.org\/?post_type=actualites&#038;p=26748"},"modified":"2026-04-30T09:55:09","modified_gmt":"2026-04-30T07:55:09","slug":"le-vapotage-en-hausse-chez-les-lyceens-francais","status":"publish","type":"actualites","link":"https:\/\/www.generationsanstabac.org\/en\/actualites\/le-vapotage-en-hausse-chez-les-lyceens-francais\/","title":{"rendered":"Vaping on the rise among French high school students"},"content":{"rendered":"<p style=\"text-align: justify\"><em>L\u2019Observatoire fran\u00e7ais des drogues et des tendances addictives (OFDT) a publi\u00e9 l\u2019\u00e9volution chez les \u00e9l\u00e8ves du secondaire entre 2014 et 2024 des usages de\u00a0cigarette \u00e9lectronique, dont les mod\u00e8les jetables d\u00e9sormais interdits<a href=\"#_ftn1\" name=\"_ftnref1\"><strong>[1]<\/strong><\/a>. L\u2019enqu\u00eate EnCLASS 2024, men\u00e9e aupr\u00e8s de 11 731 \u00e9l\u00e8ves m\u00e9tropolitains entre mars et juin 2024, permet de comparer ces usages chez les lyc\u00e9ens selon qu\u2019ils sont en lyc\u00e9es d\u2019enseignement g\u00e9n\u00e9ral et technologique ou en lyc\u00e9es professionnels et de pr\u00e9senter les utilisations duales de cigarette \u00e9lectronique et de cigarette classique. L\u2019enqu\u00eate pointe que si l&rsquo;exp\u00e9rimentation\u00a0de la\u00a0cigarette \u00e9lectronique\u00a0baisse chez les coll\u00e9giens, son exp\u00e9rimentation et son usage quotidien augmentent chez les lyc\u00e9ens, surtout chez les filles et en lyc\u00e9e professionnel. Elle est aussi de plus en plus souvent consomm\u00e9e avant la premi\u00e8re cigarette classique ou en compl\u00e9ment de celle-ci.<\/em><\/p>\n<h2 style=\"text-align: justify\">Une baisse du vapotage chez les coll\u00e9giens, une hausse chez les lyc\u00e9ens, avec de fortes disparit\u00e9s sociales<\/h2>\n<p style=\"text-align: justify\">Entre 2014 et 2024, l\u2019exp\u00e9rimentation de la cigarette \u00e9lectronique recule chez les coll\u00e9giens (de 26,8 % \u00e0 19 %), tandis qu\u2019elle progresse fortement chez les lyc\u00e9ens (de 35,1 % \u00e0 46 %), soit l\u00e9g\u00e8rement plus que la moyenne europ\u00e9enne au lyc\u00e9e en 2024 (44 %). Cette hausse est plus marqu\u00e9e chez les filles (48,7\u00a0%) que les gar\u00e7ons (43,2\u00a0%) et particuli\u00e8rement en lyc\u00e9e professionnel\u00a0: entre 2015 et 2024, la part des lyc\u00e9ens ayant exp\u00e9riment\u00e9 la cigarette \u00e9lectronique est pass\u00e9e de 34,2\u00a0% \u00e0 41,5\u00a0% dans les \u00e9tablissements d\u2019enseignement g\u00e9n\u00e9ral et technologique, mais de 36,8\u00a0% \u00e0 58,7\u00a0% en lyc\u00e9es professionnels.<\/p>\n<p style=\"text-align: justify\">L\u2019usage quotidien de la cigarette \u00e9lectronique chez les lyc\u00e9ens passe de 2,8 % en 2018 \u00e0 6,8 % en 2024 de fa\u00e7on \u00e9quivalente chez les gar\u00e7ons et les filles. Les \u00e9carts sont l\u00e0 encore importants selon le type d\u2019\u00e9tablissement : 11,1 % en lyc\u00e9e professionnel contre 5,3 % en lyc\u00e9e g\u00e9n\u00e9ral et technologique.<\/p>\n<p style=\"text-align: justify\">L\u2019exp\u00e9rimentation des cigarettes \u00e9lectroniques jetables ou \u00ab puffs \u00bb, tr\u00e8s largement diffus\u00e9es depuis septembre 2021 <a href=\"https:\/\/www.generationsanstabac.org\/fr\/actualites\/interdiction-des-puffs-les-fabricants-ont-anticipe-et-contournent-deja-la-mesure\/\">et interdites en f\u00e9vrier 2025<\/a>, a concern\u00e9 16,6 % des coll\u00e9giens et 39,4 % des lyc\u00e9ens en 2024. Elles repr\u00e9sentaient chez 87,5 % des coll\u00e9giens et 85,5 % des lyc\u00e9ens la porte d\u2019entr\u00e9e des exp\u00e9rimentations de cigarette \u00e9lectronique.<\/p>\n<h2 style=\"text-align: justify\">Le vapotage devient de plus en plus la porte d\u2019entr\u00e9e dans l\u2019addiction \u00e0 la nicotine<\/h2>\n<p style=\"text-align: justify\">Alors que les produits du vapotage \u00e9taient auparavant essentiellement consomm\u00e9s par des fumeurs, aujourd\u2019hui une part croissante de jeunes entre directement dans l\u2019addiction \u00e0 la nicotine par ce produit sans avoir \u00e9t\u00e9 fumeurs de tabac. On constate que les lyc\u00e9ens qui ont exp\u00e9riment\u00e9 \u00e0 la fois la cigarette classique et la cigarette \u00e9lectronique ont plus souvent test\u00e9 en premier la cigarette \u00e9lectronique en 2024 (39,6 %) qu\u2019en 2018 (28,9\u00a0%), tendant \u00e0 \u00e9tablir la dimension de passerelle des produits du vapotage vers le tabac. En 2024, 48,1\u00a0% des lyc\u00e9ens ont d\u00e9j\u00e0 exp\u00e9riment\u00e9 la cigarette de tabac et\/ou la cigarette \u00e9lectronique, 9,5 % d\u00e9clarent un usage quotidien de cigarette de tabac et\/ou de cigarette \u00e9lectronique, et parmi eux 2,6 % utilisent les deux tous les jours.<\/p>\n<p style=\"text-align: justify\">Cependant, 4 % des lyc\u00e9ens d\u00e9clarent un usage quotidien exclusif de la cigarette \u00e9lectronique contre 0,8\u00a0% en 2018, tandis que le tabagisme quotidien seul chute de 15,5\u00a0% des lyc\u00e9ens en 2018 \u00e0 2,9\u00a0% en 2024.<\/p>\n<h2 style=\"text-align: justify\">L\u2019OFDT souligne le r\u00f4le du marketing agressif dans cette \u00e9volution<\/h2>\n<p style=\"text-align: justify\">L\u2019enqu\u00eate ajoute que derri\u00e8re cette diffusion de la cigarette \u00e9lectronique se pose la question d\u2019un marketing, notamment en ligne, de plus en plus agressif et centr\u00e9 sur les plus jeunes. Cette r\u00e9alit\u00e9 a \u00e9t\u00e9 tout particuli\u00e8rement mise en exergue avec le ph\u00e9nom\u00e8ne des \u00ab puffs \u00bb, mais aussi avec l\u2019existence d\u2019ar\u00f4mes sucr\u00e9s et fruit\u00e9s dans ces produits et le d\u00e9veloppement d\u2019emballages color\u00e9s et attractifs, banalisant cette consommation. \u00c0 ce constat de la diffusion de la cigarette \u00e9lectronique chez les adolescents, s\u2019ajoute l\u2019irruption de nouveaux produits nicotin\u00e9s tels que les sachets de nicotine dont l\u2019exp\u00e9rimentation est, elle aussi, croissante dans la population lyc\u00e9enne, souvent en association avec l\u2019usage de la cigarette \u00e9lectronique. Et ce, au m\u00e9pris de la loi fran\u00e7aise, qui a r\u00e9cemment reconfirm\u00e9 que <a href=\"https:\/\/www.generationsanstabac.org\/fr\/actualites\/france-les-sachets-de-nicotine-sont-interdits\/\">les sachets de nicotine n\u2019ont jamais \u00e9t\u00e9 l\u00e9gaux sur le territoire national<\/a>.<\/p>\n<p style=\"text-align: justify\">Face \u00e0 ce risque d\u2019\u00e9pid\u00e9mie nicotinique chez les jeunes qui favorise une d\u00e9pendance pr\u00e9coce et durable, les experts de sant\u00e9 publique sont favorables \u00e0 des r\u00e9glementations protectrices concernant les produits du vapotage. Ils appellent par ailleurs \u00e0 une vigilance concernant le respect de l\u2019interdiction de commercialisation de tout autre nouveau produit \u00e0 la nicotine. \u00c0 titre d\u2019illustration, le Comit\u00e9 national contre le tabagisme (CNCT) et l\u2019alliance Contre-Feu se sont r\u00e9cemment prononc\u00e9s en faveur d\u2019une <a href=\"https:\/\/www.generationsanstabac.org\/fr\/actualites\/le-cnct-soutient-le-projet-dextension-du-paquet-neutre-a-tous-les-produits-du-tabac-et-du-vapotage\/\">proposition de loi transpartisane d\u2019extension du paquet neutre \u00e0 tous les produits du tabac et du vapotage<\/a>. Inscrite dans le Programme national de lutte contre le tabac (2023-2027), cette mesure vise \u00e0 limiter l\u2019usage des conditionnements \u00e0 des fins promotionnelles. Le CNCT a \u00e9galement appel\u00e9 \u00e0 interdire la vente en ligne des produits du vapotage, \u00e0 supprimer l\u2019exception publicitaire sur les lieux de vente pour l\u2019ensemble des produits du tabac et vapotage ainsi qu\u2019\u00e0 supprimer les ar\u00f4mes attractifs et renforcer les contr\u00f4les et sanctions pour les vendeurs ne respectant pas leurs obligations l\u00e9gales<a href=\"#_ftn2\" name=\"_ftnref2\">[2]<\/a>.<\/p>\n<p style=\"text-align: justify\"><strong style=\"text-align: justify\"><a href=\"https:\/\/www.generationsanstabac.org\/\">\u00a9G\u00e9n\u00e9ration Sans Tabac<\/a><\/strong><\/p>\n<p style=\"text-align: right\"><em><strong>AD<\/strong><\/em><\/p>\n<hr \/>\n<p style=\"text-align: justify\"><a href=\"#_ftnref1\" name=\"_ftn1\">[1]<\/a>Spilka S., Philippon A., Le N\u00e9zet O., Janssen E., <a href=\"https:\/\/www.ofdt.fr\/sites\/ofdt\/files\/2026-04\/tendances_172_enclass_vapotage.pdf\">\u00c9volution du vapotage chez les coll\u00e9giens et les lyc\u00e9ens entre 2014 et 2024. R\u00e9sultats EnCLASS 2024<\/a>, Tendances n\u00b0 172, OFDT, 4 p., publi\u00e9 en avril 2026, consult\u00e9 le 29 avril 2026<\/p>\n<p style=\"text-align: justify\"><a href=\"#_ftnref2\" name=\"_ftn2\">[2]<\/a><a href=\"https:\/\/cnct.fr\/communiques\/vapotage-le-cnct-demande-un-conditionnement-neutre-et-linterdiction-de-la-vente-en-ligne\/\">Vapotage : le CNCT demande un conditionnement neutre et l\u2019interdiction de la vente en ligne<\/a>, Comit\u00e9 national contre le tabagisme, publi\u00e9 le 19 f\u00e9vrier 2026, consult\u00e9 le 29 avril 2026<\/p>\n<p style=\"text-align: justify\"><strong style=\"color: #999999\"><a style=\"color: #999999\" href=\"http:\/\/www.cnct.fr\/\" target=\"_blank\" rel=\"noopener noreferrer\">Comit\u00e9 national contre le tabagisme |<\/a><\/strong><\/p>\n","protected":false},"excerpt":{"rendered":"<p>The French Monitoring Centre for Drugs and Drug Addiction (OFDT) has published data on the evolution of e-cigarette use among secondary school students between 2014 and 2024, including the now-banned disposable models. The EnCLASS 2024 survey, conducted with 11,731 students in metropolitan France between March and June 2024, compares e-cigarette use among high school students in general and technological high schools versus vocational high schools and presents the dual use of e-cigarettes and traditional cigarettes. The survey indicates that while experimentation with e-cigarettes is decreasing among middle school students, experimentation and daily use are increasing among high school students, particularly among girls and those in vocational high schools. E-cigarettes are also increasingly being used before or in addition to smoking a traditional cigarette.<\/p>","protected":false},"featured_media":26751,"template":"","tags":[],"thematique":[516,474],"class_list":["post-26748","actualites","type-actualites","status-publish","has-post-thumbnail","hentry","thematique-nouveaux-produits","thematique-sante"],"acf":[],"_links":{"self":[{"href":"https:\/\/www.generationsanstabac.org\/en\/wp-json\/wp\/v2\/actualites\/26748","targetHints":{"allow":["GET"]}}],"collection":[{"href":"https:\/\/www.generationsanstabac.org\/en\/wp-json\/wp\/v2\/actualites"}],"about":[{"href":"https:\/\/www.generationsanstabac.org\/en\/wp-json\/wp\/v2\/types\/actualites"}],"version-history":[{"count":3,"href":"https:\/\/www.generationsanstabac.org\/en\/wp-json\/wp\/v2\/actualites\/26748\/revisions"}],"predecessor-version":[{"id":26753,"href":"https:\/\/www.generationsanstabac.org\/en\/wp-json\/wp\/v2\/actualites\/26748\/revisions\/26753"}],"wp:featuredmedia":[{"embeddable":true,"href":"https:\/\/www.generationsanstabac.org\/en\/wp-json\/wp\/v2\/media\/26751"}],"wp:attachment":[{"href":"https:\/\/www.generationsanstabac.org\/en\/wp-json\/wp\/v2\/media?parent=26748"}],"wp:term":[{"taxonomy":"post_tag","embeddable":true,"href":"https:\/\/www.generationsanstabac.org\/en\/wp-json\/wp\/v2\/tags?post=26748"},{"taxonomy":"thematique","embeddable":true,"href":"https:\/\/www.generationsanstabac.org\/en\/wp-json\/wp\/v2\/thematique?post=26748"}],"curies":[{"name":"wp","href":"https:\/\/api.w.org\/{rel}","templated":true}]}}