{"id":26701,"date":"2026-04-26T07:00:47","date_gmt":"2026-04-26T05:00:47","guid":{"rendered":"https:\/\/www.generationsanstabac.org\/?post_type=actualites&#038;p=26701"},"modified":"2026-04-24T10:06:34","modified_gmt":"2026-04-24T08:06:34","slug":"ladoption-du-tobacco-and-vapes-bill-au-royaume-uni-confirme-sa-faisabilite-partout-ailleurs","status":"publish","type":"actualites","link":"https:\/\/www.generationsanstabac.org\/en\/actualites\/ladoption-du-tobacco-and-vapes-bill-au-royaume-uni-confirme-sa-faisabilite-partout-ailleurs\/","title":{"rendered":"The adoption of the Tobacco and Vapes Bill in the United Kingdom confirms its feasibility everywhere else"},"content":{"rendered":"<p style=\"text-align: justify\"><em>Le Royaume-Uni a adopt\u00e9 le Tobacco and Vapes Bill, une loi de diminution drastique du tabagisme, interdisant notamment la vente de cigarettes aux personnes n\u00e9es \u00e0 partir du 1<\/em><em>\u1d49\u02b3 janvier 2009. En dehors des initiatives locales, le pays est le deuxi\u00e8me au monde, apr\u00e8s les Maldives, \u00e0 prendre cette direction. Cette mesure salu\u00e9e par plusieurs acteurs de sant\u00e9 publique s\u2019inscrit dans un objectif de \u00ab\u00a0g\u00e9n\u00e9ration sans tabac\u00a0\u00bb, dans un contexte o\u00f9 le tabac demeure responsable de plus de 7 millions de d\u00e9c\u00e8s pr\u00e9matur\u00e9s et \u00e9vitables dans le monde. En France, o\u00f9 le tabac \u00e9tait cause de 68 000 d\u00e9c\u00e8s en 2023 d\u2019apr\u00e8s Sant\u00e9 publique France, la mesure a \u00e9galement \u00e9t\u00e9 propos\u00e9e par un parlementaire, et d\u2019autres pays sont engag\u00e9s dans cette voie. <\/em><\/p>\n<h2 style=\"text-align: justify\">Le cas fran\u00e7ais rappelle que l\u2019interdiction g\u00e9n\u00e9rationnelle doit s\u2019accompagner partout de mesures compl\u00e9mentaires<\/h2>\n<p style=\"text-align: justify\">En France, <a href=\"https:\/\/www.generationsanstabac.org\/fr\/actualites\/en-france-un-depute-depose-une-proposition-de-loi-transpartisane-de-generation-sans-tabac\/\">une proposition de loi transpartisane vise \u00e0 instaurer un dispositif similaire<\/a>, en interdisant progressivement l\u2019acc\u00e8s au tabac pour les personnes n\u00e9es \u00e0 partir du 1<sup>er<\/sup>\u00a0janvier 2014. Cette mesure, port\u00e9e par l\u2019alliance Contre-Feu et ses membres correspondant \u00e0 l\u2019ensemble des organisations de la soci\u00e9t\u00e9 civile engag\u00e9es dans la lutte contre le tabagisme, s\u2019inscrit dans la perspective d\u2019une interdiction de vente effective et progressive du tabac pour toutes les personnes devenues majeures \u00e0 partir de 2032. La disposition est en coh\u00e9rence avec l\u2019objectif fix\u00e9 par les pouvoirs publics de parvenir \u00e0 une g\u00e9n\u00e9ration sans tabac d\u2019ici 2032, se traduisant par une pr\u00e9valence inf\u00e9rieure \u00e0 5 % parmi la g\u00e9n\u00e9ration n\u00e9e en 2014.<\/p>\n<p style=\"text-align: justify\">En d\u00e9pit de progr\u00e8s r\u00e9cents, la France demeure tr\u00e8s touch\u00e9e par le probl\u00e8me du tabagisme. En 2024, parmi les Fran\u00e7ais de 18-75 ans, la pr\u00e9valence du tabagisme s\u2019\u00e9tablissait \u00e0 25 %, et celle du tabagisme quotidien \u00e0 18 %<a href=\"#_ftn1\" name=\"_ftnref1\">[1]<\/a>. En outre, le co\u00fbt social du tabac en d\u00e9penses de sant\u00e9 et pertes de productivit\u00e9 est estim\u00e9 \u00e0 156 milliards d\u2019euros par an selon l\u2019OFDT, illustrant l\u2019ampleur des enjeux sanitaires et financiers associ\u00e9s.<\/p>\n<p style=\"text-align: justify\">Les experts de sant\u00e9 publique, comme le CNCT, rappellent n\u00e9anmoins qu\u2019aucune politique isol\u00e9e ne suffit \u00e0 r\u00e9duire le tabagisme<a href=\"#_ftn2\" name=\"_ftnref2\">[2]<\/a>. L\u2019efficacit\u00e9 repose sur un ensemble coh\u00e9rent d\u2019actions, incluant notamment une politique fiscale forte qui fait d\u00e9faut aujourd\u2019hui, selon les associations. Au Royaume-Uni, le paquet de cigarettes avoisine l\u2019\u00e9quivalent de 20 euros, contribuant \u00e0 la baisse de la consommation et de l\u2019initiation.<\/p>\n<p style=\"text-align: justify\">\u00c0 cela s\u2019ajoute l\u2019\u00e9volution des pratiques de consommation. La lutte contre le tabagisme demeure prioritaire au regard de ses cons\u00e9quences multiples majeures mais la hausse rapide de la consommation de nouveaux produits \u00e0 la nicotine, notamment les produits du vapotage, par les jeunes, constitue aujourd\u2019hui \u00e9galement un probl\u00e8me de sant\u00e9 publique. En France, la pr\u00e9valence quotidienne du vapotage \u00e9tait de 6,1 % chez les 18-75 ans en 2023 d\u2019apr\u00e8s l\u2019OFDT, et 38 % des Fran\u00e7ais de 16 d\u00e9claraient avoir d\u00e9j\u00e0 essay\u00e9 la cigarette \u00e9lectronique d\u2019apr\u00e8s ESPAD 2024. La progression de cette consommation n\u00e9cessite une r\u00e9glementation renforc\u00e9e de ces produits. Dans cette perspective, et \u00e0 titre d\u2019illustration, l\u2019instauration d\u2019un paquet neutre concernant l\u2019ensemble des produits du tabac et du vapotage a ainsi \u00e9t\u00e9 d\u00e9pos\u00e9e via une proposition transpartisane au Parlement fran\u00e7ais, la disposition \u00e9tant par ailleurs pr\u00e9vue <a href=\"https:\/\/sante.gouv.fr\/actualites-presse\/actualites-du-ministere\/article\/un-nouveau-programme-national-de-lutte-contre-le-tabac-2023-2027\">dans le cadre de l\u2019actuel plan de lutte contre le tabac 2023-2027<\/a>.<\/p>\n<h2 style=\"text-align: justify\">Une telle interdiction est \u00e9galement soutenue ailleurs dans le monde<\/h2>\n<p style=\"text-align: justify\">D\u2019autres organismes de sant\u00e9 publique dans le monde se sont dit inspir\u00e9s par le vote du Tobacco and Vapes Bill, bien que la loi ne soit pas toujours avanc\u00e9e ni m\u00eame encore propos\u00e9e au niveau parlementaire.<\/p>\n<p style=\"text-align: justify\">Ainsi, en Belgique, la Fondation contre le cancer plaide pour une interdiction g\u00e9n\u00e9rationnelle de vente similaire, rappelant que quatre adultes sur cinq qui fument ont commenc\u00e9 \u00e0 le faire avant l\u2019\u00e2ge de 25 ans, et souhaite \u00e9tendre le dispositif aux produits du vapotage<a href=\"#_ftn3\" name=\"_ftnref3\">[3]<\/a>.<\/p>\n<p style=\"text-align: justify\">Au Canada, o\u00f9 une g\u00e9n\u00e9ration sans tabac est vis\u00e9e d\u2019ici 2035, une telle mesure est demand\u00e9e depuis plusieurs ann\u00e9es et la Fondation des maladies du c\u0153ur et de l\u2019AVC esp\u00e8re que l\u2019actualit\u00e9 britannique incitera les pouvoirs publics \u00e0 agir<a href=\"#_ftn4\" name=\"_ftnref4\">[4]<\/a>. L\u2019Enqu\u00eate canadienne sur la sant\u00e9 dans les collectivit\u00e9s de 2024 estime que 11 % des Canadiens \u00e2g\u00e9s de 18 ans et plus ont d\u00e9clar\u00e9 fumer, et les donn\u00e9es de Sant\u00e9 Canada indiquent qu&rsquo;un Canadien sur dix dans la tranche d\u2019\u00e2ges des 20-24 ans vapote quotidiennement. Une \u00e9tude publi\u00e9e sur le site web du gouvernement du Canada, visant notamment \u00e0 \u00e9valuer les impacts potentiels d\u2019une interdiction g\u00e9n\u00e9rationnelle de vente de cigarettes \u00e0 toute personne n\u00e9e \u00e0 partir de 2009, a r\u00e9v\u00e9l\u00e9 qu&rsquo;apr\u00e8s cinquante ans, cette politique permettrait d&rsquo;\u00e9conomiser 2,3 milliards de dollars par an en co\u00fbts de soins de sant\u00e9.<\/p>\n<p style=\"text-align: justify\">\u00c0 Ta\u00efwan, o\u00f9 de nombreuses mesures antitabac ambitieuses ont \u00e9t\u00e9 mises en place par le pass\u00e9, le gouvernement a d\u00e9clar\u00e9 qu\u2019une interdiction g\u00e9n\u00e9rationnelle de vente serait \u00e9tudi\u00e9e plus en d\u00e9tail par l&rsquo;Administration de la promotion de la sant\u00e9, mais qu\u2019elle n\u00e9cessitait un d\u00e9bat public pr\u00e9alable et un consensus<a href=\"#_ftn5\" name=\"_ftnref5\">[5]<\/a>. Le succ\u00e8s d\u2019une telle mesure est directement li\u00e9 au fait que la pr\u00e9valence tabagique ait suffisamment baiss\u00e9 pour parvenir \u00e0 un quasi-consensus comme c\u2019est le cas au Royaume-Uni.<\/p>\n<p style=\"text-align: justify\">L\u2019enjeu de la mesure est de taille pour l\u2019industrie du tabac, farouchement oppos\u00e9e \u00e0 ce dispositif. Le premier pays \u00e0 avoir adopt\u00e9 la mesure, <a href=\"https:\/\/www.generationsanstabac.org\/fr\/actualites\/revirement-de-la-nouvelle-zelande-sur-sa-politique-antitabac\/\">la Nouvelle-Z\u00e9lande<\/a>, a finalement aboli sa l\u00e9gislation \u00e0 la suite d\u2019un changement de gouvernement o\u00f9 les int\u00e9r\u00eats de l\u2019industrie ont \u00e9t\u00e9 pris en compte. D\u2019autres pays comme <a href=\"https:\/\/www.generationsanstabac.org\/fr\/actualites\/apres-la-nouvelle-zelande-la-malaisie-abandonne-une-politique-antitabac\/\">la Malaisie<\/a> avaient envisag\u00e9 une interdiction semblable \u00e0 celle vot\u00e9e au Royaume-Uni, mais ont \u00e9galement recul\u00e9 sous la pression du lobbying de l\u2019industrie du tabac. Cette mesure illustre ce faisant l\u2019importance de l\u2019application d\u2019une disposition essentielle du trait\u00e9 de l\u2019OMS, la Convention-cadre pour la lutte antitabac\u00a0: la protection des politiques publiques \u00e0 l\u2019\u00e9gard de l\u2019interf\u00e9rence de cette industrie.<\/p>\n<p style=\"text-align: justify\"><strong style=\"text-align: justify\"><a href=\"https:\/\/www.generationsanstabac.org\/\">\u00a9G\u00e9n\u00e9ration Sans Tabac<\/a><\/strong><\/p>\n<p style=\"text-align: right\"><em><strong>AD<\/strong><\/em><\/p>\n<hr \/>\n<p style=\"text-align: justify\"><a href=\"#_ftnref1\" name=\"_ftn1\">[1]<\/a><a href=\"https:\/\/www.santepubliquefrance.fr\/presse\/forte-baisse-du-tabagisme-en-france-en-10-ans-4-millions-de-fumeurs-quotidiens-en-moins\">Forte baisse du tabagisme en France : en 10 ans, 4 millions de fumeurs quotidiens en moins<\/a>, Sant\u00e9 publique France, publi\u00e9 le 15 octobre 2025, consult\u00e9 le 23 avril 2026<\/p>\n<p style=\"text-align: justify\"><a href=\"#_ftnref2\" name=\"_ftn2\">[2]<\/a>Maxime Glorieux, <a href=\"https:\/\/www.franceinfo.fr\/sante\/drogue-addictions\/lutte-contre-le-tabagisme\/les-britanniques-nous-ouvrent-la-voie-les-associations-francaises-esperent-un-sursaut-apres-l-adoption-d-une-loi-generation-sans-tabac-au-royaume-uni_7956389.html\">\u00ab\u00a0Les Britanniques nous ouvrent la voie\u00a0!\u00a0\u00bb\u00a0: les associations fran\u00e7aises esp\u00e8rent un sursaut, apr\u00e8s l&rsquo;adoption d&rsquo;une loi \u00ab\u00a0g\u00e9n\u00e9ration sans tabac\u00a0\u00bb au Royaume-Uni<\/a>, France Info, publi\u00e9 le 22 avril 2026, consult\u00e9 le 23 avril 2026<\/p>\n<p style=\"text-align: justify\"><a href=\"#_ftnref3\" name=\"_ftn3\">[3]<\/a><a href=\"https:\/\/www.rtbf.be\/article\/fondation-contre-le-cancer-une-generation-sans-tabac-peut-aussi-exister-en-belgique-11713817\">Fondation contre le cancer\u00a0: une g\u00e9n\u00e9ration sans tabac peut aussi exister en Belgique<\/a>, RTBF, publi\u00e9 le 22 avril 2026, consult\u00e9 le 23 avril 2026<\/p>\n<p style=\"text-align: justify\"><a href=\"#_ftnref4\" name=\"_ftn4\">[4]<\/a>Annie Bergeron-Oliver, <a href=\"https:\/\/www.ctvnews.ca\/health\/article\/uk-to-ban-cigarettes-sales-for-those-born-after-2008-could-canada-do-the-same\/\">\u2018Step in the right direction\u2019: Health experts hope U.K. smoking ban pushes Canada to do the same<\/a>, CTV News, publi\u00e9 le 22 avril 2026, consult\u00e9 le 23 avril 2026<\/p>\n<p style=\"text-align: justify\"><a href=\"#_ftnref5\" name=\"_ftn5\">[5]<\/a>Keoni Everington, <a href=\"https:\/\/www.taiwannews.com.tw\/news\/6346338\">Taiwan eyes smoking ban for people born after 2009<\/a>, Taiwan News, publi\u00e9 le 23 avril 2026, consult\u00e9 le m\u00eame jour<\/p>\n<p style=\"text-align: justify\"><strong style=\"color: #999999\"><a style=\"color: #999999\" href=\"http:\/\/www.cnct.fr\/\" target=\"_blank\" rel=\"noopener noreferrer\">Comit\u00e9 national contre le tabagisme |<\/a><\/strong><\/p>\n","protected":false},"excerpt":{"rendered":"<p>The United Kingdom has adopted the Tobacco and Vapes Bill, a law drastically reducing smoking, notably prohibiting the sale of cigarettes to people born on or after January 1, 2009. Aside from local initiatives, the country is the second in the world, after the Maldives, to take this step. This measure, welcomed by several public health stakeholders, is part of a &quot;tobacco-free generation&quot; objective, in a context where tobacco remains responsible for more than 7 million premature and preventable deaths worldwide. In France, where tobacco was projected to cause 68,000 deaths in 2023 according to Public Health France, the measure was also proposed by a member of parliament, and other countries are committed to following this path.<\/p>","protected":false},"featured_media":26704,"template":"","tags":[],"thematique":[491],"class_list":["post-26701","actualites","type-actualites","status-publish","has-post-thumbnail","hentry","thematique-politiques-publiques"],"acf":[],"_links":{"self":[{"href":"https:\/\/www.generationsanstabac.org\/en\/wp-json\/wp\/v2\/actualites\/26701","targetHints":{"allow":["GET"]}}],"collection":[{"href":"https:\/\/www.generationsanstabac.org\/en\/wp-json\/wp\/v2\/actualites"}],"about":[{"href":"https:\/\/www.generationsanstabac.org\/en\/wp-json\/wp\/v2\/types\/actualites"}],"version-history":[{"count":4,"href":"https:\/\/www.generationsanstabac.org\/en\/wp-json\/wp\/v2\/actualites\/26701\/revisions"}],"predecessor-version":[{"id":26710,"href":"https:\/\/www.generationsanstabac.org\/en\/wp-json\/wp\/v2\/actualites\/26701\/revisions\/26710"}],"wp:featuredmedia":[{"embeddable":true,"href":"https:\/\/www.generationsanstabac.org\/en\/wp-json\/wp\/v2\/media\/26704"}],"wp:attachment":[{"href":"https:\/\/www.generationsanstabac.org\/en\/wp-json\/wp\/v2\/media?parent=26701"}],"wp:term":[{"taxonomy":"post_tag","embeddable":true,"href":"https:\/\/www.generationsanstabac.org\/en\/wp-json\/wp\/v2\/tags?post=26701"},{"taxonomy":"thematique","embeddable":true,"href":"https:\/\/www.generationsanstabac.org\/en\/wp-json\/wp\/v2\/thematique?post=26701"}],"curies":[{"name":"wp","href":"https:\/\/api.w.org\/{rel}","templated":true}]}}