{"id":26645,"date":"2026-04-17T10:00:37","date_gmt":"2026-04-17T08:00:37","guid":{"rendered":"https:\/\/www.generationsanstabac.org\/?post_type=actualites&#038;p=26645"},"modified":"2026-04-17T09:59:58","modified_gmt":"2026-04-17T07:59:58","slug":"le-cnct-soutient-le-projet-dextension-du-paquet-neutre-a-tous-les-produits-du-tabac-et-du-vapotage","status":"publish","type":"actualites","link":"https:\/\/www.generationsanstabac.org\/en\/actualites\/le-cnct-soutient-le-projet-dextension-du-paquet-neutre-a-tous-les-produits-du-tabac-et-du-vapotage\/","title":{"rendered":"The CNCT supports the proposal to extend plain packaging to all tobacco and vaping products."},"content":{"rendered":"<p style=\"text-align: justify\"><em>\u00c0 l\u2019Assembl\u00e9e nationale, les d\u00e9put\u00e9s Nicolas Thierry (Les \u00c9cologistes) et Pierre Cazeneuve (Ensemble pour la R\u00e9publique), aux c\u00f4t\u00e9s du Comit\u00e9 national contre le tabagisme (CNCT), ont pr\u00e9sent\u00e9 une proposition de loi transpartisane visant \u00e0 g\u00e9n\u00e9raliser le paquet \u00ab\u00a0neutre et uniformis\u00e9\u00a0\u00bb \u00e0 l\u2019ensemble des produits du tabac et du vapotage<a href=\"#_ftn1\" name=\"_ftnref1\"><strong>[1]<\/strong><\/a>. <\/em><\/p>\n<p style=\"text-align: justify\"><em>Inscrite dans le Programme national de lutte contre le tabac (2023\u20132027), cette mesure vise \u00e0 limiter l\u2019usage des conditionnements \u00e0 des fins promotionnelles, notamment aupr\u00e8s des jeunes.<\/em><\/p>\n<h2 style=\"text-align: justify\">Des produits dangereux et addictifs qui ciblent la jeunesse<\/h2>\n<p style=\"text-align: justify\">D\u2019une part, seuls les cigarettes classiques et le tabac \u00e0 rouler sont concern\u00e9s par l\u2019instauration du paquet neutre en vigueur depuis le 1<sup>er<\/sup> janvier 2017. Le CNCT a appel\u00e9 \u00e0 \u00e9largir cette mesure \u00e0 d\u2019autres produits du tabac comme le tabac chauff\u00e9 et le narguil\u00e9, dont la toxicit\u00e9 et l\u2019attrait aupr\u00e8s des jeunes sont \u00e9galement reconnus.<\/p>\n<p style=\"text-align: justify\">D\u2019autre part, cette initiative intervient dans un contexte de hausse de l\u2019usage de la cigarette \u00e9lectronique chez les jeunes. Les donn\u00e9es r\u00e9centes indiquent une exp\u00e9rimentation r\u00e9pandue et une progression notable de l\u2019usage quotidien, soulevant des inqui\u00e9tudes quant \u00e0 une diffusion accrue de la consommation de nicotine chez les adolescents. En effet, selon l\u2019Observatoire fran\u00e7ais des drogues et des tendances addictives (OFDT), 46 % des lyc\u00e9ens fran\u00e7ais ont d\u00e9j\u00e0 exp\u00e9riment\u00e9 la cigarette \u00e9lectronique en 2024, tandis que 6,8 % d\u2019entre eux indiquent consommer quotidiennement ce produit, soit une augmentation de 79 % en seulement deux ans.<\/p>\n<p style=\"text-align: justify\">L\u2019enjeu est d\u2019autant plus important que pr\u00e8s d\u2019un coll\u00e9gien sur cinq d\u00e9clare avoir d\u00e9j\u00e0 exp\u00e9riment\u00e9 la cigarette \u00e9lectronique, soulignant le risque d\u2019un d\u00e9veloppement rapide d\u2019une nouvelle \u00e9pid\u00e9mie nicotinique chez les adolescents.<\/p>\n<p style=\"text-align: justify\">Cette progression r\u00e9sulte tout particuli\u00e8rement des strat\u00e9gies marketing d\u00e9ploy\u00e9es par les fabricants, lesquelles ciblent un public jeune. Elles reposent notamment sur des conditionnements attractifs (couleurs vives et contrast\u00e9es, visuels dynamiques), inspir\u00e9s de produits de consommation courante. Le conditionnement est ainsi utilis\u00e9 comme un \u00ab\u00a0vendeur muet\u00a0\u00bb.<\/p>\n<h2 style=\"text-align: justify\">Un enjeu de sant\u00e9 publique prioritaire<\/h2>\n<p style=\"text-align: justify\">L\u2019extension du conditionnement neutre aux autres produits du tabac (tabac chauff\u00e9, chicha\u2026) appara\u00eet sans appel dans un contexte o\u00f9 le tabagisme reste responsable de plus de 68 000 d\u00e9c\u00e8s pr\u00e9matur\u00e9s en 2023, soit 11 % de la mortalit\u00e9 totale, ce qui en fait toujours la premi\u00e8re cause de mortalit\u00e9 pr\u00e9matur\u00e9e et \u00e9vitable en France<a href=\"#_ftn2\" name=\"_ftnref2\">[2]<\/a>.<\/p>\n<p style=\"text-align: justify\">Par ailleurs, des experts de l\u2019Agence nationale de s\u00e9curit\u00e9 sanitaire de l\u2019alimentation, de l\u2019environnement et du travail (ANSES) ont <a href=\"https:\/\/www.generationsanstabac.org\/fr\/actualites\/un-rapport-pointe-lusage-grandissant-et-durable-du-vapotage-en-france-et-alerte-sur-les-risques\/\">r\u00e9cemment rappel\u00e9 que le vapotage n\u2019est pas inoffensif, et ce m\u00eame sans nicotine<\/a>\u00a0: celui-ci pr\u00e9sente des risques pour la sant\u00e9, notamment sur les plans respiratoire, cardiovasculaire et neurologique. Bien que les \u00e9tudes ne b\u00e9n\u00e9ficient pas d\u2019un recul encore suffisant pour en tirer toutes les cons\u00e9quences, celles-ci ont d\u00e9j\u00e0 point\u00e9 des effets probables du vapotage sur une augmentation de la pression art\u00e9rielle et de la fr\u00e9quence cardiaque ainsi que des effets possibles sur la BPCO, la canc\u00e9rogen\u00e8se (<a href=\"https:\/\/www.generationsanstabac.org\/fr\/actualites\/une-etude-australienne-suggere-que-la-cigarette-electronique-est-probablement-cancerigene\/\">une hypoth\u00e8se d\u2019ailleurs appuy\u00e9e par une \u00e9tude australienne<\/a>) et pour les femmes enceintes, sur le d\u00e9veloppement cardiovasculaire et respiratoire du f\u0153tus.<\/p>\n<p style=\"text-align: justify\">La nicotine en elle-m\u00eame est extr\u00eamement addictive et ce d\u00e8s les premi\u00e8res semaines de consommation.<\/p>\n<p style=\"text-align: justify\">Enfin, la litt\u00e9rature scientifique montre qu\u2019un jeune vapoteur encourt un risque deux \u00e0 quatre fois plus \u00e9lev\u00e9 de consommer du tabac par rapport \u00e0 un jeune non vapoteur.<\/p>\n<h2 style=\"text-align: justify\">Une mesure de pr\u00e9vention \u00e9prouv\u00e9e et n\u00e9cessaire<\/h2>\n<p style=\"text-align: justify\">Le CNCT rappelle que le paquet neutre a d\u00e9montr\u00e9 son efficacit\u00e9 sanitaire et sociale. Les recherches men\u00e9es en France montrent en effet que le paquet neutre tend \u00e0 renforcer l\u2019opinion n\u00e9gative \u00e0 l\u2019\u00e9gard du tabagisme en mettant notamment mieux en exergue les avertissements sanitaires\u00a0: ces derniers emp\u00eachent l\u2019utilisation du packaging comme support publicitaire et les fabricants de laisser entendre que certains produits seraient moins toxiques que d\u2019autres. Ce faisant, ils contribuent \u00e0 diminuer l\u2019initiation tabagique ou encore \u00e0 augmenter les tentatives de sevrage chez les consommateurs.<\/p>\n<p style=\"text-align: justify\">Son extension s\u2019inscrit ainsi dans une logique de pr\u00e9vention et de meilleure r\u00e9glementation des produits nicotiniques. Elle est soutenue par l\u2019alliance contre le tabac Contre-Feu, qui r\u00e9unit les organisations de la soci\u00e9t\u00e9 civile engag\u00e9es dans la lutte contre le tabagisme<a href=\"#_ftn3\" name=\"_ftnref3\">[3]<\/a>.<\/p>\n<p style=\"text-align: justify\">Les deux\u00a0d\u00e9put\u00e9s souhaitent maintenant que leur mesure fasse consensus dans d\u2019autres partis afin de l\u2019inscrire \u00e0 l\u2019ordre du jour de l\u2019Assembl\u00e9e nationale en juin 2026<a href=\"#_ftn4\" name=\"_ftnref4\">[4]<\/a>. Le paquet neutre pour les produits du tabac tend \u00e0 se g\u00e9n\u00e9raliser dans le monde entier et certains pays, comme l\u2019Isra\u00ebl, et des pays nordiques, comme le Danemark, ont d\u00e9j\u00e0 instaur\u00e9 un emballage neutre sur les produits de vapotage.<\/p>\n<p style=\"text-align: justify\"><strong style=\"text-align: justify\"><a href=\"https:\/\/www.generationsanstabac.org\/\">\u00a9G\u00e9n\u00e9ration Sans Tabac<\/a><\/strong><\/p>\n<p style=\"text-align: right\"><em><strong>AD<\/strong><\/em><\/p>\n<hr \/>\n<p style=\"text-align: justify\"><a href=\"#_ftnref1\" name=\"_ftn1\">[1]<\/a><a href=\"https:\/\/cnct.fr\/communiques\/generalisation-du-paquet-neutre-le-cnct-soutient-la-proposition-de-loi-de-frederic-valletoux\/\">G\u00e9n\u00e9ralisation du paquet neutre : le CNCT soutient la proposition de loi de Nicolas Thierry,<\/a> Comit\u00e9 national contre le tabagisme, publi\u00e9 le 15 avril 2026, consult\u00e9 le 16 avril 2026<\/p>\n<p style=\"text-align: justify\"><a href=\"#_ftnref2\" name=\"_ftn2\">[2]<\/a><a href=\"https:\/\/www.santepubliquefrance.fr\/presse\/2026\/tabagisme-en-france-68-000-deces-evitables-en-2023-une-baisse-encourageante-mais-un-fardeau-toujours-trop-important#:~:text=tentative%20d'arr%C3%AAt.-,Cancers%2C%20pathologies%20respiratoires%20et%20cardiovasculaires%20%3A%20le%20tabac%20reste%20la%20premi%C3%A8re,de%20mortalit%C3%A9%20%C3%A9vitable%20en%20France&amp;text=En%202023%2C%20plus%20de%2068,6%20%25%20chez%20les%20femmes).\">Tabagisme en France : 68 000 d\u00e9c\u00e8s \u00e9vitables en 2023, une baisse encourageante mais un fardeau toujours trop important<\/a>, Sant\u00e9 Publique France, publi\u00e9 le 16 f\u00e9vrier 2026, consult\u00e9 le 17 avril 2026<\/p>\n<p style=\"text-align: justify\"><a href=\"#_ftnref3\" name=\"_ftn3\">[3]<\/a><a href=\"https:\/\/www.contre-feu.org\/cigarette-electronique-nouvelle-machine-a-cash-des-industriels\/\">Cigarette \u00e9lectronique : la nouvelle machine \u00e0 cash des industriels,<\/a> Contre-Feu, publi\u00e9 le 14 avril 2026, consult\u00e9 le 16 avril 2026<\/p>\n<p style=\"text-align: justify\"><a href=\"#_ftnref4\" name=\"_ftn4\">[4]<\/a><a href=\"https:\/\/www.lemonde.fr\/societe\/article\/2026\/04\/15\/cigarette-electronique-deux-deputes-veulent-imposer-le-paquet-neutre-au-vapotage_6680341_3224.html\">Cigarette \u00e9lectronique\u00a0: deux\u00a0d\u00e9put\u00e9s veulent imposer le paquet neutre au vapotage<\/a>, Le Monde, publi\u00e9 le 15 avril 2026, consult\u00e9 le 16 avril 2026<\/p>\n<p style=\"text-align: justify\"><strong style=\"color: #999999\"><a style=\"color: #999999\" href=\"http:\/\/www.cnct.fr\/\" target=\"_blank\" rel=\"noopener noreferrer\">Comit\u00e9 national contre le tabagisme |<\/a><\/strong><\/p>\n","protected":false},"excerpt":{"rendered":"<p>In the National Assembly, MPs Nicolas Thierry (The Ecologists) and Pierre Cazeneuve (Together for the Republic), alongside the National Committee Against Smoking (CNCT), presented a cross-party bill aimed at generalizing the &quot;plain and standardized&quot; packaging to all tobacco and vaping products.<\/p>\n<p>Included in the National Tobacco Control Programme (2023\u20132027), this measure aims to limit the use of packaging for promotional purposes, particularly among young people.<\/p>","protected":false},"featured_media":26651,"template":"","tags":[],"thematique":[491],"class_list":["post-26645","actualites","type-actualites","status-publish","has-post-thumbnail","hentry","thematique-politiques-publiques"],"acf":[],"_links":{"self":[{"href":"https:\/\/www.generationsanstabac.org\/en\/wp-json\/wp\/v2\/actualites\/26645","targetHints":{"allow":["GET"]}}],"collection":[{"href":"https:\/\/www.generationsanstabac.org\/en\/wp-json\/wp\/v2\/actualites"}],"about":[{"href":"https:\/\/www.generationsanstabac.org\/en\/wp-json\/wp\/v2\/types\/actualites"}],"version-history":[{"count":1,"href":"https:\/\/www.generationsanstabac.org\/en\/wp-json\/wp\/v2\/actualites\/26645\/revisions"}],"predecessor-version":[{"id":26649,"href":"https:\/\/www.generationsanstabac.org\/en\/wp-json\/wp\/v2\/actualites\/26645\/revisions\/26649"}],"wp:featuredmedia":[{"embeddable":true,"href":"https:\/\/www.generationsanstabac.org\/en\/wp-json\/wp\/v2\/media\/26651"}],"wp:attachment":[{"href":"https:\/\/www.generationsanstabac.org\/en\/wp-json\/wp\/v2\/media?parent=26645"}],"wp:term":[{"taxonomy":"post_tag","embeddable":true,"href":"https:\/\/www.generationsanstabac.org\/en\/wp-json\/wp\/v2\/tags?post=26645"},{"taxonomy":"thematique","embeddable":true,"href":"https:\/\/www.generationsanstabac.org\/en\/wp-json\/wp\/v2\/thematique?post=26645"}],"curies":[{"name":"wp","href":"https:\/\/api.w.org\/{rel}","templated":true}]}}