{"id":26603,"date":"2026-04-12T07:00:45","date_gmt":"2026-04-12T05:00:45","guid":{"rendered":"https:\/\/www.generationsanstabac.org\/?post_type=actualites&#038;p=26603"},"modified":"2026-04-13T09:40:47","modified_gmt":"2026-04-13T07:40:47","slug":"sport-professionnel-et-sachets-de-nicotine-une-strategie-de-promotion-fondee-sur-la-virilite","status":"publish","type":"actualites","link":"https:\/\/www.generationsanstabac.org\/en\/actualites\/sport-professionnel-et-sachets-de-nicotine-une-strategie-de-promotion-fondee-sur-la-virilite\/","title":{"rendered":"Professional sport and nicotine sachets: a promotional strategy based on virility"},"content":{"rendered":"<p style=\"text-align: justify\"><em>Un partenariat r\u00e9cemment conclu aux \u00c9tats-Unis entre un acteur majeur du divertissement sportif<a href=\"#_ftn1\" name=\"_ftnref1\"><strong>[1]<\/strong><\/a> et une marque de sachets de nicotine illustre l\u2019essor des strat\u00e9gies de visibilit\u00e9 de ces produits dans l\u2019univers sportif. Cette dynamique, qui touche plusieurs disciplines \u00e0 forte audience, s\u2019inscrit dans un contexte de normalisation des produits nicotiniques alternatifs, souvent pr\u00e9sent\u00e9s comme innovants ou moins nocifs. Elle soul\u00e8ve des enjeux importants de promotion de ces produits notamment \u00e0 l\u2019\u00e9gard des jeunes.<\/em><\/p>\n<h2 style=\"text-align: justify\"><strong>Un partenariat structurant entre TKO Group et une marque de sachets de nicotine<\/strong><\/h2>\n<p style=\"text-align: justify\">Le groupe TKO Group Holdings a annonc\u00e9 un partenariat pluriannuel avec la marque de sachets de nicotine FRE, pr\u00e9sent\u00e9 comme in\u00e9dit. L\u2019accord conf\u00e8re \u00e0 FRE le statut de partenaire officiel de plusieurs entit\u00e9s majeures, dont UFC, Zuffa Boxing, Professional Bull Riders (PBR) et UFC BJJ, ainsi que des entit\u00e9s d\u00e9tenues par IMG telles que World\u2019s Strongest Man et Formula Drift.<\/p>\n<p style=\"text-align: justify\">Ce partenariat cible les consommateurs adultes de nicotine, en s\u2019appuyant sur des audiences compos\u00e9es majoritairement d\u2019adultes de 21 ans et plus. Il pr\u00e9voit une int\u00e9gration \u00e9tendue de la marque \u00e0 travers des activations sur site, des contenus d\u00e9di\u00e9s, des exp\u00e9riences immersives et une pr\u00e9sence directe dans les espaces de comp\u00e9tition. Le lancement est pr\u00e9vu lors de l\u2019\u00e9v\u00e9nement UFC 327 \u00e0 Miami en avril 2026.<\/p>\n<p style=\"text-align: justify\">Au-del\u00e0 de sa dimension commerciale, cet accord t\u00e9moigne d\u2019un repositionnement des strat\u00e9gies marketing des produits nicotiniques vers des environnements \u00e0 forte visibilit\u00e9. Malgr\u00e9 un discours centr\u00e9 sur un public adulte, la popularit\u00e9 de ces disciplines aupr\u00e8s des jeunes et la circulation des contenus sur les r\u00e9seaux sociaux limitent la port\u00e9e effective de ce ciblage. Cet affichage d\u2019une cible limit\u00e9e est par ailleurs d\u2019autant plus contestable que s\u2019applique le principe de l\u2019\u00e2ge subjectif qui conduit les adolescents \u00e0 admirer et vouloir s\u2019identifier \u00e0 de jeunes adultes. L\u2019association avec des univers valoris\u00e9s, tels que la performance et la comp\u00e9tition, contribue ainsi \u00e0 banaliser ces produits aupr\u00e8s d\u2019un large public jeune, dans une logique de contournement des restrictions publicitaires par le biais de partenariats et de contenus int\u00e9gr\u00e9s.<\/p>\n<h2 style=\"text-align: justify\"><strong>Une strat\u00e9gie marketing construite sur une masculinit\u00e9 performative et des univers \u00e0 forte intensit\u00e9<\/strong><\/h2>\n<p style=\"text-align: justify\">La communication de FRE repose sur un positionnement explicitement orient\u00e9 vers un public masculin, mobilisant des codes associ\u00e9s \u00e0 la virilit\u00e9, \u00e0 la performance et \u00e0 des environnements \u00e0 forte intensit\u00e9. Sur ses supports, la marque revendique une pr\u00e9sence \u00ab bold, confident, and unapologetically present \u2013 (audacieux, affirm\u00e9 et pleinement assum\u00e9) &#8211; \u00bb et s\u2019inscrit dans des univers tels que le rod\u00e9o, les sports m\u00e9caniques ou les comp\u00e9titions physiques extr\u00eames, ciblant des communaut\u00e9s engag\u00e9es dans des activit\u00e9s exigeantes.<\/p>\n<p style=\"text-align: justify\">Ce positionnement s\u2019appuie \u00e9galement sur des groupes socioprofessionnels valoris\u00e9s pour leur endurance ou leur engagement physique (pompiers, forces de l\u2019ordre, routiers, athl\u00e8tes), contribuant \u00e0 associer implicitement la consommation de nicotine \u00e0 des qualit\u00e9s de r\u00e9sistance, de force physique et de ma\u00eetrise. La marque op\u00e8re ainsi un transfert symbolique entre produit et identit\u00e9 masculine, dans une logique bien \u00e9tablie dans les strat\u00e9gies de l\u2019industrie du tabac.<\/p>\n<p>&nbsp;<\/p>\n<p><img fetchpriority=\"high\" decoding=\"async\" class=\"size-full wp-image-26606 aligncenter\" src=\"https:\/\/www.generationsanstabac.org\/wp-content\/uploads\/2026\/04\/Instagram-FRE.png\" alt=\"virilit\u00e9-sachets-nicotine-sport\" width=\"907\" height=\"471\" srcset=\"https:\/\/www.generationsanstabac.org\/wp-content\/uploads\/2026\/04\/Instagram-FRE.png 907w, https:\/\/www.generationsanstabac.org\/wp-content\/uploads\/2026\/04\/Instagram-FRE-300x156.png 300w, https:\/\/www.generationsanstabac.org\/wp-content\/uploads\/2026\/04\/Instagram-FRE-768x399.png 768w, https:\/\/www.generationsanstabac.org\/wp-content\/uploads\/2026\/04\/Instagram-FRE-18x9.png 18w\" sizes=\"(max-width: 907px) 100vw, 907px\" \/><\/p>\n<p>&nbsp;<\/p>\n<p style=\"text-align: justify\">La communication digitale renforce cette mise en sc\u00e8ne en mobilisant des codes visuels issus du sport et du divertissement : hommes en situation de performance, environnements festifs, et pr\u00e9sence r\u00e9currente de figures f\u00e9minines sexualis\u00e9es en arri\u00e8re-plan. Cette repr\u00e9sentation vise \u00e0 la fois \u00e0 renforcer l\u2019identification masculine et \u00e0 associer le produit \u00e0 des imaginaires de succ\u00e8s et d\u2019attractivit\u00e9 sociale. Par ailleurs, la mise en avant d\u2019attributs tels que l\u2019absence de fum\u00e9e, la discr\u00e9tion ou la possibilit\u00e9 d\u2019usage dans divers contextes contribue \u00e0 inscrire ces produits dans une logique de performance continue, d\u2019optimisation des modes de vie mais aussi de contournement des r\u00e8gles existantes en mati\u00e8re d\u2019interdiction de fumer, vapoter.<\/p>\n<p style=\"text-align: justify\">Au-del\u00e0 de ce partenariat, les sachets de nicotine s\u2019inscrivent dans une strat\u00e9gie plus large d\u2019association avec l\u2019univers sportif, en particulier dans des disciplines \u00e0 forte intensit\u00e9. Des initiatives observ\u00e9es aux \u00c9tats-Unis illustrent l\u2019implication d\u2019acteurs de l\u2019industrie du tabac, tels que RJ Reynolds, dans des comp\u00e9titions comme la NASCAR<a href=\"#_ftn2\" name=\"_ftnref2\">[2]<\/a>, via la promotion de marques de sachets de nicotine. Ces associations contribuent \u00e0 ancrer ces produits dans des environnements valorisant la vitesse, le risque et la performance.<\/p>\n<p style=\"text-align: justify\"><strong style=\"text-align: justify\"><a href=\"https:\/\/www.generationsanstabac.org\/\">\u00a9G\u00e9n\u00e9ration Sans Tabac<\/a><\/strong><\/p>\n<p style=\"text-align: right\"><em><strong>AE<\/strong><\/em><\/p>\n<hr \/>\n<p><a href=\"#_ftnref1\" name=\"_ftn1\">[1]<\/a> Communiqu\u00e9, <a href=\"https:\/\/www.ufc.com\/news\/tko-and-fre-nicotine-pouches-announce-official-partnership-across-ufc-zuffa-boxing-pbr-and\">TKO AND FRE NICOTINE POUCHES ANNOUNCE OFFICIAL PARTNERSHIP ACROSS UFC, ZUFFA BOXING, PBR, AND MORE<\/a>, UFC, publi\u00e9 le 9 avril 2026, consult\u00e9 le jour-m\u00eame<\/p>\n<p><a href=\"#_ftnref2\" name=\"_ftn2\">[2]<\/a> Etats-Unis : <a href=\"https:\/\/www.generationsanstabac.org\/fr\/actualites\/etats-unis-rj-reynolds-saffiche-en-nascar-via-une-marque-de-sachets-de-nicotine\/\">RJ Reynolds s\u2019affiche en NASCAR via une marque de sachets de nicotine<\/a>, G\u00e9n\u00e9ration sans tabac, publi\u00e9 le 13 avril 2025, consult\u00e9 le 10 avril 2026<\/p>\n<p><strong style=\"color: #999999\"><a style=\"color: #999999\" href=\"http:\/\/www.cnct.fr\/\" target=\"_blank\" rel=\"noopener noreferrer\">Comit\u00e9 national contre le tabagisme |<\/a><\/strong><\/p>\n","protected":false},"excerpt":{"rendered":"<p>A recently concluded partnership in the United States between a major player in sports entertainment and a nicotine pouch brand illustrates the rise of visibility strategies for these products within the sports world. This trend, which affects several high-profile sports, is part of a broader context of normalization of alternative nicotine products, often presented as innovative or less harmful. It raises significant challenges in promoting these products, particularly to young people.<\/p>","protected":false},"featured_media":26607,"template":"","tags":[],"thematique":[507,516],"class_list":["post-26603","actualites","type-actualites","status-publish","has-post-thumbnail","hentry","thematique-marketing-publicite","thematique-nouveaux-produits"],"acf":[],"_links":{"self":[{"href":"https:\/\/www.generationsanstabac.org\/en\/wp-json\/wp\/v2\/actualites\/26603","targetHints":{"allow":["GET"]}}],"collection":[{"href":"https:\/\/www.generationsanstabac.org\/en\/wp-json\/wp\/v2\/actualites"}],"about":[{"href":"https:\/\/www.generationsanstabac.org\/en\/wp-json\/wp\/v2\/types\/actualites"}],"version-history":[{"count":1,"href":"https:\/\/www.generationsanstabac.org\/en\/wp-json\/wp\/v2\/actualites\/26603\/revisions"}],"predecessor-version":[{"id":26608,"href":"https:\/\/www.generationsanstabac.org\/en\/wp-json\/wp\/v2\/actualites\/26603\/revisions\/26608"}],"wp:featuredmedia":[{"embeddable":true,"href":"https:\/\/www.generationsanstabac.org\/en\/wp-json\/wp\/v2\/media\/26607"}],"wp:attachment":[{"href":"https:\/\/www.generationsanstabac.org\/en\/wp-json\/wp\/v2\/media?parent=26603"}],"wp:term":[{"taxonomy":"post_tag","embeddable":true,"href":"https:\/\/www.generationsanstabac.org\/en\/wp-json\/wp\/v2\/tags?post=26603"},{"taxonomy":"thematique","embeddable":true,"href":"https:\/\/www.generationsanstabac.org\/en\/wp-json\/wp\/v2\/thematique?post=26603"}],"curies":[{"name":"wp","href":"https:\/\/api.w.org\/{rel}","templated":true}]}}